{"id":1134,"date":"2019-02-09T00:04:33","date_gmt":"2019-02-08T23:04:33","guid":{"rendered":"https:\/\/www.arbeitsrecht-aktuell.ch\/?p=1134"},"modified":"2025-10-11T08:56:26","modified_gmt":"2025-10-11T06:56:26","slug":"oertlich-zustaendiges-gericht-beim-arbeitsprozess","status":"publish","type":"post","link":"https:\/\/www.arbeitsrecht-aktuell.ch\/de\/2019\/02\/09\/oertlich-zustaendiges-gericht-beim-arbeitsprozess\/","title":{"rendered":"\u00d6rtlich zust\u00e4ndiges Gericht beim Arbeitsprozess"},"content":{"rendered":"<p class=\"2AutorentextTheorie\">Per 1. Januar 2011 wurden die 26 kantonale Zivilprozessordnungen durch die eidgen\u00f6ssische Zivilprozessordnung (ZPO) ersetzt und die verfahrensrechtlichen Bestimmungen des OR gestrichen und in die ZPO \u00fcbernommen. Mit der ZPO wurde erstmals in der Schweiz das Zivilprozessrecht vereinheitlicht d.h. einheitliche Prozessregeln eingef\u00fchrt.<\/p>\n<p class=\"2AutorentextTheorie\">Hingegen bleibt es Sache der Kantone, die <em><strong>sachliche<\/strong> <\/em>und <strong><em>funktionelle<\/em> <\/strong>Zust\u00e4ndigkeit der Gerichte, abgesehen von gewissen Sonderregelungen, zu regeln. So k\u00f6nnen z.B. die Kantone selbst bestimmen, ob sie spezialisierte Arbeitsgerichte vorsehen wollen oder nicht. Hingegen ist die <strong><em>\u00f6rtliche<\/em><\/strong> Zust\u00e4ndigkeit in der ZPO geregelt.<\/p>\n<p>&nbsp;<\/p>\n<h3>Gerichtstand<\/h3>\n<p>Grunds\u00e4tzlich gilt der Grundsatz, dass eine Klage am Sitz der beklagten Partei zu erheben ist, sofern die ZPO f\u00fcr eine Streitigkeit nicht einen besonderen Gerichtsstand vorsieht.<\/p>\n<p>Solche besonderen Gerichtst\u00e4nde sieht die ZPO f\u00fcr das Arbeitsrecht wie folgt vor:<\/p>\n<ul>\n<li>F\u00fcr arbeitsrechtliche Streitigkeit sind die Gerichte am Sitz der beklagten Partei oder am Ort, an dem der Arbeitnehmer gew\u00f6hnlich seine Arbeit verrichtet, zust\u00e4ndig (Art. 34 Abs. 1 ZPO).<\/li>\n<li>Ist ein Arbeitnehmer f\u00fcr eine Zweigniederlassung t\u00e4tig, kann eine Klage durch den Arbeitnehmer zus\u00e4tzlich am Sitz der Zweigniederlassung erhoben werden.<\/li>\n<li>Im Falle einer Klage durch eine stellensuchende Person oder eines Arbeitnehmers, die sich auf das Arbeitsvermittlungsgesetz (AVG) st\u00fctzt, ist zus\u00e4tzlich zu den vorgenannten Gerichtsst\u00e4nden das Gericht am Ort der Gesch\u00e4ftsniederlassung der vermittelnden oder verleihenden Person, mit der der Vertrag abgeschlossen wurde, zust\u00e4ndig (Art. 34 Abs. 2 ZPO).<\/li>\n<\/ul>\n<p class=\"2AutorentextTheorie\">Arbeitnehmer oder Stellensuchende k\u00f6nnen nicht zum Voraus auf einen Gerichtstand verzichten (Art. 35 Abs. 1 ZPO). Auch der Abschluss einer Gerichtsstandsvereinbarung ist erst nach Entstehen der Streitigkeit m\u00f6glich. Es ist also nicht m\u00f6glich, im Rahmen eines Arbeitsvertrages von den vorgenannten Gerichtst\u00e4nden zulasten des Arbeitnehmers abzuweichen.<\/p>\n<p>&nbsp;<\/p>\n<h3>Wo arbeitet der Aussendienstmitarbeiter?<\/h3>\n<p>Im Entscheid <a href=\"http:\/\/relevancy.bger.ch\/php\/aza\/http\/index.php?highlight_docid=aza%3A%2F%2F14-01-2019-4A_527-2018&amp;lang=de&amp;type=show_document\" target=\"_blank\" rel=\"noopener\">4A_527\/2018 vom 14. Januar 2019<\/a> des Bundesgericht hatte sich dieses mit dem zust\u00e4ndigen Gericht bei der Klage eines Aussendienstmitarbeiters auseinanderzusetzen.<\/p>\n<p>Der Arbeitgeber hatte seinen Sitz in Opfikon im Kanton Z\u00fcrich\u00a0und hatte eingetragene Zweigniederlassungen in den Kantonen Luzern, Freiburg und\u00a0St.\u00a0Gallen.\u00a0Der Arbeitnehmer war als Aussendienstmitarbeiter\u00a0(<em>\u201crepr\u00e9sentant\u201d <\/em>bzw. <em>\u201caccount manager\u201d<\/em>)\u00a0angestellt und wohnte in Conthey im Kanton Wallis. Er war f\u00fcr die dortigen Kundenbeziehungen verantwortlich. Im Rahmen einer Streitigkeit aus missbr\u00e4uchlicher K\u00fcndigung leitete der Mitarbeiter Klage im Wallis ein, an seinem Wohnsitz. Der Arbeitgeber bestritt die Zust\u00e4ndigkeit. Das Bundesgericht sch\u00fctzte den Gerichtsort im Wallis.<\/p>\n<p>Das Bundesgericht hielt das Folgende fest:<\/p>\n<ul>\n<li>dass der Gerichtsstand am Ort, wo der Arbeitnehmer gew\u00f6hnlich seine Arbeit verrichtet, keine festen Betriebseinrichtungen des Arbeitgebers voraussetzt;<\/li>\n<li>der Arbeitsort ist dort, wo der Arbeitnehmer gr\u00f6sstenteils seine Arbeitszeit leistet bzw. dort, wo sich effektiv das Zentrum der Arbeitsaktivit\u00e4ten befindet;<\/li>\n<li>es ist auf die qualitative Wichtigkeit des Arbeitsortes\u00a0im Hinblick auf\u00a0die Arbeitsleistung abzustellen.<\/li>\n<\/ul>\n<p>Aufgrund dieser \u00dcberlegung hat es das Bundesgericht als zul\u00e4ssig erachtet, dass der Arbeitnehmer in konkreten Fall an seinem Wohnort klagte.<\/p>\n<p>&nbsp;<\/p>\n<h3>Gerichtsstandsvereinbarbarungen<\/h3>\n<div class=\"wrapper overflowx\">\n<div class=\"page\">\n<div class=\"body\">\n<div class=\"line overflow\">\n<div class=\"eit\">\n<div class=\"main\">\n<div class=\"middle\">\n<div id=\"highlight_content\" class=\"box\">\n<div class=\"content\">\n<div class=\"para\">\n<p>Nach der ZPO kann die stellensuchende oder arbeitnehmende Partei nicht zum Voraus oder durch Einlassung auf die Gerichtsst\u00e4nde nach Art. 34 ZPO\u00a0(Wohnsitz oder Sitz der beklagten Partei oder gew\u00f6hnlicher Arbeitsort) verzichten (siehe auch oben). Einseitig beg\u00fcnstigende Gerichtsstandsvereinbarungen, die der sozial schw\u00e4cheren Partei einen zus\u00e4tzlichen Gerichtsstand zur Verf\u00fcgung stellen, sind unter dem Gesichtswinkel des Sozialschutzes aber unbedenklich und daher analog \u00a0als zul\u00e4ssig zu erachten, obwohl die ZPO keine entsprechende explizite Regelung kennt. Im Voraus getroffene Gerichtstandsabreden erweisen sich daher in einem solchen Fall zugunsten des sozial Schw\u00e4cheren nicht als nichtig, sondern als f\u00fcr den Arbeitnehmer einseitig unverbindlich.<\/p>\n<p>Im Entscheid\u00a0<a href=\"https:\/\/www.bger.ch\/ext\/eurospider\/live\/de\/php\/aza\/http\/index.php?highlight_docid=aza%3A%2F%2Faza:\/\/10-01-2019-4A_291-2018&amp;lang=de&amp;zoom=&amp;type=show_document\" target=\"_blank\" rel=\"noopener\">BGE 4A_291\/2018 vom 10. Januar 2019<\/a>\u00a0hatte sich das Bundesgericht mit der folgenden Gerichtsstandsklausel auseinanderzusetzen:<\/p>\n<p><em>\u201eBei allf\u00e4lligen Streitigkeiten sind die ordentlichen Gerichte am Sitz des Arbeitgebers und\/oder am Wohnsitz des Arbeitnehmers zust\u00e4ndig\u201c.<\/em><\/p>\n<p>Der Arbeitnehmer klagte an seinem Wohnort, was gem\u00e4ss Bundesgericht in \u00dcbereinstimmung der vorgenannten Regel als zul\u00e4ssig erachtet wurde, obwohl die Vereinbarung Art. 34 ZPO (Klage am Sitz der Gegenpartei oder am Arbeitsort) widersprach. Dies weil zugunsten des Arbeitnehmers von Art. 34 ZPO abgewichen wurde und dieser sich deshalb darauf berufen durfte.<\/p>\n<\/div>\n<\/div>\n<\/div>\n<\/div>\n<\/div>\n<\/div>\n<\/div>\n<\/div>\n<\/div>\n<\/div>\n<p>&nbsp;<\/p>\n<h4>Weitere Beitr\u00e4ge zu prozessualen Fragen:<\/h4>\n<ul>\n<li class=\"entry-title\"><a href=\"https:\/\/www.arbeitsrecht-aktuell.ch\/de\/2025\/03\/23\/uebersetzung-fremdsprachiger-beweismittel-im-arbeitsprozess\/\">\u00dcbersetzung fremdsprachiger Beweismittel im Arbeitsprozess?<\/a><\/li>\n<li class=\"entry-title\"><a href=\"https:\/\/www.arbeitsrecht-aktuell.ch\/de\/2024\/08\/27\/neue-prozessuale-fristenfalle\/\">Neue prozessuale Fristenfalle<\/a><\/li>\n<li class=\"entry-title\"><a href=\"https:\/\/www.arbeitsrecht-aktuell.ch\/de\/2024\/02\/12\/keine-strafprozessualen-garantien-bei-internen-untersuchungen\/\">Keine strafprozessualen Garantien bei internen Untersuchungen<\/a><\/li>\n<li class=\"entry-title\"><a href=\"https:\/\/www.arbeitsrecht-aktuell.ch\/de\/2022\/01\/14\/prozessvertretung-durch-gewerkschaften\/\">Prozessvertretung durch Gewerkschaften<\/a><\/li>\n<li class=\"entry-title\"><a href=\"https:\/\/www.arbeitsrecht-aktuell.ch\/de\/2021\/10\/23\/glaubhaftmachung-in-gleichstellungsprozessen\/\">Glaubhaftmachung in Gleichstellungsprozessen<\/a><\/li>\n<li class=\"entry-title\"><a href=\"https:\/\/www.arbeitsrecht-aktuell.ch\/de\/2020\/02\/28\/geplante-aenderung-der-zivilprozessordnung-auswirkungen-auf-den-arbeitsprozess\/\">Geplante \u00c4nderung der Zivilprozessordnung \u2013 Auswirkungen auf den Arbeitsprozess<\/a><\/li>\n<li class=\"entry-title\"><a href=\"https:\/\/www.arbeitsrecht-aktuell.ch\/de\/2019\/02\/09\/oertlich-zustaendiges-gericht-beim-arbeitsprozess\/\">\u00d6rtlich zust\u00e4ndiges Gericht beim Arbeitsprozess<\/a><\/li>\n<li class=\"entry-title\"><a href=\"https:\/\/www.arbeitsrecht-aktuell.ch\/de\/2025\/06\/11\/einsprache-gegen-die-kuendigung-art-336b-or-und-novenschranke\/\">Einsprache gegen die K\u00fcndigung (Art. 336b OR) und Novenschranke<\/a><\/li>\n<li class=\"entry-title\"><a href=\"https:\/\/www.arbeitsrecht-aktuell.ch\/de\/2025\/03\/02\/schadenersatz-wegen-mobbing-und-soziale-untersuchungsmaxime\/\">Schadenersatz wegen Mobbing und soziale Untersuchungsmaxime<\/a><\/li>\n<li class=\"entry-title\"><a href=\"https:\/\/www.arbeitsrecht-aktuell.ch\/de\/2025\/09\/11\/arbeitsrecht-soziale-untersuchungsmaxime-art-247-abs-2-zpo\/\" target=\"_blank\" rel=\"noopener\">Arbeitsrecht \u2013 soziale Untersuchungsmaxime (Art. 247 Abs. 2 ZPO)<\/a><\/li>\n<\/ul>\n<p>&nbsp;<\/p>\n<p>Autor:\u00a0<a href=\"https:\/\/www.arbeitsrecht-aktuell.ch\/de\/person\/\" target=\"_blank\" rel=\"noopener\">Nicolas Facincani<\/a><\/p>\n<p>&nbsp;<\/p>\n<h4>Weitere umfassende Informationen zum Arbeitsrecht finden Sie\u00a0<a href=\"https:\/\/www.exlibris.ch\/de\/buecher-buch\/deutschsprachige-buecher\/boris-etter\/arbeitsvertrag\/id\/9783727235108\" target=\"_blank\" rel=\"noopener\"><strong>hier<\/strong><\/a>.<\/h4>\n<p>&nbsp;<\/p>\n<h4>Umfassende Informationen zum Gleichstellungsgesetz finden Sie\u00a0<a href=\"https:\/\/www.exlibris.ch\/de\/buecher-buch\/deutschsprachige-buecher\/gleichstellungsgesetz-glg\/id\/9783727222047\/?gclid=EAIaIQobChMIwJjxxde_-gIVkxCLCh2I2wT0EAQYASABEgI08vD_BwE&amp;gclsrc=aw.ds\" target=\"_blank\" rel=\"noopener\"><strong>hier<\/strong><\/a>.<\/h4>\n<p>&nbsp;<\/p>\n<p>&nbsp;<\/p>\n","protected":false},"excerpt":{"rendered":"<p>Per 1. Januar 2011 wurden die 26 kantonale Zivilprozessordnungen durch die eidgen\u00f6ssische Zivilprozessordnung (ZPO) ersetzt und die verfahrensrechtlichen Bestimmungen des OR gestrichen und in die ZPO \u00fcbernommen. Mit der ZPO wurde erstmals in der Schweiz das Zivilprozessrecht vereinheitlicht d.h. einheitliche Prozessregeln eingef\u00fchrt. Hingegen bleibt es Sache der Kantone, die sachliche und funktionelle Zust\u00e4ndigkeit der Gerichte, [&hellip;]<\/p>\n","protected":false},"author":2,"featured_media":514,"comment_status":"open","ping_status":"open","sticky":false,"template":"","format":"standard","meta":{"_et_pb_use_builder":"","_et_pb_old_content":"","_et_gb_content_width":"","footnotes":""},"categories":[1],"tags":[],"class_list":["post-1134","post","type-post","status-publish","format-standard","has-post-thumbnail","hentry","category-unkategorisiert"],"_links":{"self":[{"href":"https:\/\/www.arbeitsrecht-aktuell.ch\/de\/wp-json\/wp\/v2\/posts\/1134","targetHints":{"allow":["GET"]}}],"collection":[{"href":"https:\/\/www.arbeitsrecht-aktuell.ch\/de\/wp-json\/wp\/v2\/posts"}],"about":[{"href":"https:\/\/www.arbeitsrecht-aktuell.ch\/de\/wp-json\/wp\/v2\/types\/post"}],"author":[{"embeddable":true,"href":"https:\/\/www.arbeitsrecht-aktuell.ch\/de\/wp-json\/wp\/v2\/users\/2"}],"replies":[{"embeddable":true,"href":"https:\/\/www.arbeitsrecht-aktuell.ch\/de\/wp-json\/wp\/v2\/comments?post=1134"}],"version-history":[{"count":12,"href":"https:\/\/www.arbeitsrecht-aktuell.ch\/de\/wp-json\/wp\/v2\/posts\/1134\/revisions"}],"predecessor-version":[{"id":4783,"href":"https:\/\/www.arbeitsrecht-aktuell.ch\/de\/wp-json\/wp\/v2\/posts\/1134\/revisions\/4783"}],"wp:featuredmedia":[{"embeddable":true,"href":"https:\/\/www.arbeitsrecht-aktuell.ch\/de\/wp-json\/wp\/v2\/media\/514"}],"wp:attachment":[{"href":"https:\/\/www.arbeitsrecht-aktuell.ch\/de\/wp-json\/wp\/v2\/media?parent=1134"}],"wp:term":[{"taxonomy":"category","embeddable":true,"href":"https:\/\/www.arbeitsrecht-aktuell.ch\/de\/wp-json\/wp\/v2\/categories?post=1134"},{"taxonomy":"post_tag","embeddable":true,"href":"https:\/\/www.arbeitsrecht-aktuell.ch\/de\/wp-json\/wp\/v2\/tags?post=1134"}],"curies":[{"name":"wp","href":"https:\/\/api.w.org\/{rel}","templated":true}]}}