{"id":1551,"date":"2019-07-11T00:32:24","date_gmt":"2019-07-10T22:32:24","guid":{"rendered":"https:\/\/www.arbeitsrecht-aktuell.ch\/?p=1551"},"modified":"2020-09-19T14:37:50","modified_gmt":"2020-09-19T12:37:50","slug":"ferienlohn-inbegriffen","status":"publish","type":"post","link":"https:\/\/www.arbeitsrecht-aktuell.ch\/de\/2019\/07\/11\/ferienlohn-inbegriffen\/","title":{"rendered":"&#8222;Ferienlohn inbegriffen&#8220;"},"content":{"rendered":"<p>Wenn m\u00f6glich sind die Ferien w\u00e4hrend des Arbeitsverh\u00e4ltnisses &#8222;in natura&#8220; und nicht als Geldabfindung zu gew\u00e4hren, auch wenn das Arbeitsverh\u00e4ltnis gek\u00fcndigt ist. Doch es kann sich aus Praktikabilit\u00e4tsgr\u00fcnden eine Geldabfindung f\u00fcr die Ferien (Ferienentsch\u00e4digung anstatt Ferienbezug) aufdr\u00e4ngen: Bei <a href=\"https:\/\/www.arbeitsrecht-aktuell.ch\/de\/2019\/01\/31\/teilzeitarbeit\/\" target=\"_blank\" rel=\"noopener\">Teilzeitarbeit<\/a> mit unregelm\u00e4ssigen Pensen l\u00e4sst es die Gerichtspraxis zu, dass eine Ferienentsch\u00e4digung zus\u00e4tzlich zum Lohn bezahlt wird. <a href=\"https:\/\/www.arbeitsrecht-aktuell.ch\/de\/2019\/05\/31\/ferienrecht-was-gilt\/\" target=\"_blank\" rel=\"noopener\">Ferien<\/a> d\u00fcrfen auch nicht durch Lohnpauschalen oder Zuschl\u00e4ge abgegolten werden. Dies ist im nur grunds\u00e4tzlich nur dann zul\u00e4ssig, wenn die Berechnung der Ferien sehr schwierig ist (oder bei sehr kurzen Arbeitsvertr\u00e4gen), der Arbeitsvertrag dies vorsieht und die entsprechenden Lohnpauschalen in den Lohnabrechnungen ausgewiesen sind. Das Bundesgericht ist hier in seiner Rechtsprechung sehr restriktiv, so auch in einem der letzten diesbez\u00fcglichen Entscheide, dem Urteil <a href=\"https:\/\/www.bger.ch\/ext\/eurospider\/live\/de\/php\/aza\/http\/index.php?highlight_docid=aza%3A%2F%2Faza:\/\/19-03-2018-4A_561-2017&amp;lang=de&amp;zoom=&amp;type=show_document\" target=\"_blank\" rel=\"noopener\">4A_561\/2017 vom 19. M\u00e4rz 2018<\/a>.<\/p>\n<p>&nbsp;<\/p>\n<h3>Urteil <a href=\"https:\/\/www.bger.ch\/ext\/eurospider\/live\/de\/php\/aza\/http\/index.php?highlight_docid=aza%3A%2F%2Faza:\/\/19-03-2018-4A_561-2017&amp;lang=de&amp;zoom=&amp;type=show_document\" target=\"_blank\" rel=\"noopener\">4A_561\/2017 vom 19. M\u00e4rz 2018<\/a> des Bundesgerichts<\/h3>\n<p>Ein Angestellter war ab August 2008 bis Mitte 2013 in einer Tischlerei im Kanton Waadt t\u00e4tig war. Der Arbeitsvertrag sah 42,5 Stunden pro Woche vor. Als Lohn wurde ein Stundenlohn von 28 Franken vereinbart wie auch vier Wochen Ferien. Zudem wurde vereinbart, dass mit dem Stundenlohn die vier Wochen Ferien, ein 13. Monatslohn sowie die gesetzlichen Feiertage abgegolten seien.<\/p>\n<p>Aufgrund der Vereinbarung erhielt der Arbeitnehmer w\u00e4hrend des Ferienbezugs jeweils keinen Lohn. Nach Beendigung des Arbeitsverh\u00e4ltnisses klagte der Arbeitnehmer gegen seinen ehemaligen Arbeitgeber auf Auszahlung des Ferienlohns f\u00fcr die Dauer von 2009 bis 2013 und bekam vom Bundesgericht Recht. Der Arbeitgeber musste so den Lohn faktisch zweimal bezahlen.<\/p>\n<p>&nbsp;<\/p>\n<h3>Ausf\u00fchrungen des Bundesgericht<\/h3>\n<p>Das Bundesgericht fasst im Urteil 4A_561\/2017 seine Rechtsprechung zusammen und erinnert daran, dass \u00abFerienlohn inbegriffen\u00bb nur zul\u00e4ssig ist, wenn (i) unregelm\u00e4ssige T\u00e4tigkeit vorliegt, (ii) Ferienlohn im Einzelarbeitsvertrag und (iii) in jeder Lohnabrechnung separat in CHF oder % bestimmt sei:<\/p>\n<p><em>L&#8217;employeur accorde au travailleur, chaque ann\u00e9e de service, au moins quatre semaines de vacances (art. 329a al. 1 CO), pendant lesquelles il doit lui verser le salaire total y aff\u00e9rent (art. 329d al. 1 CO). Cette disposition est relativement imp\u00e9rative, en ce sens qu&#8217;il ne peut y \u00eatre d\u00e9rog\u00e9 au d\u00e9triment du travailleur (art. 362 al. 1 CO). \u00a0<\/em><\/p>\n<p><em>En r\u00e8gle g\u00e9n\u00e9rale, le salaire relatif aux vacances doit \u00eatre vers\u00e9 au moment o\u00f9 celles-ci sont prises et il n&#8217;est pas admissible d&#8217;inclure l&#8217;indemnit\u00e9 de vacances dans le salaire total. Le Tribunal f\u00e9d\u00e9ral a d&#8217;abord admis que, dans des situations particuli\u00e8res, ce par quoi il faut entendre une activit\u00e9 tr\u00e8s irr\u00e9guli\u00e8re, l&#8217;indemnit\u00e9 de vacances pouvait exceptionnellement \u00eatre incluse dans le salaire total (<a href=\"https:\/\/www.bger.ch\/ext\/eurospider\/live\/de\/php\/aza\/http\/index.php?lang=de&amp;type=show_document&amp;page=1&amp;from_date=&amp;to_date=&amp;sort=relevance&amp;insertion_date=&amp;top_subcollection_aza=all&amp;query_words=&amp;rank=0&amp;azaclir=aza&amp;highlight_docid=atf%3A%2F%2F118-II-136%3Ade&amp;number_of_ranks=0#page136\">ATF 118 II 136<\/a>\u00a0consid. 3b p. 137 s.;\u00a0<a href=\"https:\/\/www.bger.ch\/ext\/eurospider\/live\/de\/php\/aza\/http\/index.php?lang=de&amp;type=show_document&amp;page=1&amp;from_date=&amp;to_date=&amp;sort=relevance&amp;insertion_date=&amp;top_subcollection_aza=all&amp;query_words=&amp;rank=0&amp;azaclir=aza&amp;highlight_docid=atf%3A%2F%2F116-II-515%3Ade&amp;number_of_ranks=0#page515\">116 II 515<\/a>\u00a0consid. 4a p. 517;\u00a0<a href=\"https:\/\/www.bger.ch\/ext\/eurospider\/live\/de\/php\/aza\/http\/index.php?lang=de&amp;type=show_document&amp;page=1&amp;from_date=&amp;to_date=&amp;sort=relevance&amp;insertion_date=&amp;top_subcollection_aza=all&amp;query_words=&amp;rank=0&amp;azaclir=aza&amp;highlight_docid=atf%3A%2F%2F107-II-430%3Ade&amp;number_of_ranks=0#page430\" target=\"_blank\" rel=\"noopener\">107 II 430<\/a>\u00a0consid. 3a p. 433 s.). Par la suite, il s&#8217;est toutefois interrog\u00e9 sur la justification d&#8217;une telle d\u00e9rogation (<a href=\"https:\/\/www.bger.ch\/ext\/eurospider\/live\/de\/php\/aza\/http\/index.php?lang=de&amp;type=show_document&amp;page=1&amp;from_date=&amp;to_date=&amp;sort=relevance&amp;insertion_date=&amp;top_subcollection_aza=all&amp;query_words=&amp;rank=0&amp;azaclir=aza&amp;highlight_docid=atf%3A%2F%2F129-III-493%3Ade&amp;number_of_ranks=0#page493\">ATF 129 III 493<\/a>consid. 3.2 et 3.3 p. 495 s., 664 consid. 7.2 p. 672). Laissant la question en suspens, il a relev\u00e9 que, dans tous les cas, outre la n\u00e9cessit\u00e9 objective due \u00e0 une activit\u00e9 irr\u00e9guli\u00e8re (premi\u00e8re condition), la part du salaire global destin\u00e9e \u00e0 l&#8217;indemnisation des vacances devait \u00eatre mentionn\u00e9e clairement et express\u00e9ment dans le contrat de travail lorsqu&#8217;il \u00e9tait conclu par \u00e9crit (deuxi\u00e8me condition), ainsi que sur les d\u00e9comptes de salaire p\u00e9riodiques (troisi\u00e8me condition;\u00a0<a href=\"https:\/\/www.bger.ch\/ext\/eurospider\/live\/de\/php\/aza\/http\/index.php?lang=de&amp;type=show_document&amp;page=1&amp;from_date=&amp;to_date=&amp;sort=relevance&amp;insertion_date=&amp;top_subcollection_aza=all&amp;query_words=&amp;rank=0&amp;azaclir=aza&amp;highlight_docid=atf%3A%2F%2F129-III-493%3Ade&amp;number_of_ranks=0#page493\">ATF 129 III 493<\/a>, ibidem). La simple indication selon laquelle l&#8217;indemnit\u00e9 aff\u00e9rente aux vacances est comprise dans le salaire total ne suffit donc pas, la part repr\u00e9sentant cette indemnit\u00e9 doit \u00eatre fix\u00e9e en pourcentage ou en chiffres (<a href=\"https:\/\/www.bger.ch\/ext\/eurospider\/live\/de\/php\/aza\/http\/index.php?lang=de&amp;type=show_document&amp;page=1&amp;from_date=&amp;to_date=&amp;sort=relevance&amp;insertion_date=&amp;top_subcollection_aza=all&amp;query_words=&amp;rank=0&amp;azaclir=aza&amp;highlight_docid=atf%3A%2F%2F116-II-515%3Ade&amp;number_of_ranks=0#page515\">ATF 116 II 515<\/a>\u00a0consid. 4b p. 518; arr\u00eat 4A_463\/2010 du 30 novembre 2010 consid. 3) et cette mention doit figurer aussi bien dans le contrat de travail \u00e9crit que dans les d\u00e9comptes de salaire (<a href=\"https:\/\/www.bger.ch\/ext\/eurospider\/live\/de\/php\/aza\/http\/index.php?lang=de&amp;type=show_document&amp;page=1&amp;from_date=&amp;to_date=&amp;sort=relevance&amp;insertion_date=&amp;top_subcollection_aza=all&amp;query_words=&amp;rank=0&amp;azaclir=aza&amp;highlight_docid=atf%3A%2F%2F129-III-493%3Ade&amp;number_of_ranks=0#page493\">ATF 129 III 493<\/a>\u00a0consid. 3.3 p. 496; arr\u00eat 4A_205\/2016 du 23 juin 2016 consid. 2.6.1).\u00a0<\/em><\/p>\n<p><em>Lorsque les parties ont conclu un contrat oral, il se justifie d&#8217;admettre que l&#8217;accord portant sur le salaire aff\u00e9rent aux vacances a aussi \u00e9t\u00e9 conclu oralement (<a href=\"https:\/\/www.bger.ch\/ext\/eurospider\/live\/de\/php\/aza\/http\/index.php?lang=de&amp;type=show_document&amp;page=1&amp;from_date=&amp;to_date=&amp;sort=relevance&amp;insertion_date=&amp;top_subcollection_aza=all&amp;query_words=&amp;rank=0&amp;azaclir=aza&amp;highlight_docid=atf%3A%2F%2F129-III-493%3Ade&amp;number_of_ranks=0#page493\">ATF 129 III 493<\/a>\u00a0consid. 3.3;\u00a0<a href=\"https:\/\/www.bger.ch\/ext\/eurospider\/live\/de\/php\/aza\/http\/index.php?lang=de&amp;type=show_document&amp;page=1&amp;from_date=&amp;to_date=&amp;sort=relevance&amp;insertion_date=&amp;top_subcollection_aza=all&amp;query_words=&amp;rank=0&amp;azaclir=aza&amp;highlight_docid=atf%3A%2F%2F116-II-515%3Ade&amp;number_of_ranks=0#page515\">ATF 116 II 515<\/a>\u00a0consid. 4b). Dans une telle situation, la mention de la part de salaire aff\u00e9rente aux vacances dans les d\u00e9comptes p\u00e9riodiques de salaire suffit \u00e0 apporter la clart\u00e9 n\u00e9cessaire et confirme ainsi en la forme \u00e9crite l&#8217;accord pass\u00e9 verbalement (<a href=\"https:\/\/www.bger.ch\/ext\/eurospider\/live\/de\/php\/aza\/http\/index.php?lang=de&amp;type=show_document&amp;page=1&amp;from_date=&amp;to_date=&amp;sort=relevance&amp;insertion_date=&amp;top_subcollection_aza=all&amp;query_words=&amp;rank=0&amp;azaclir=aza&amp;highlight_docid=atf%3A%2F%2F129-III-493%3Ade&amp;number_of_ranks=0#page493\">ATF 129 III 493<\/a>\u00a0consid. 3.3 in fine).\u00a0<\/em><\/p>\n<p><em>Si les conditions ci-dessus ne sont pas r\u00e9unies, l&#8217;employeur doit payer le salaire aff\u00e9rent aux vacances. Que l&#8217;employ\u00e9 ait pris ses vacances en nature n&#8217;y change rien (<a href=\"https:\/\/www.bger.ch\/ext\/eurospider\/live\/de\/php\/aza\/http\/index.php?lang=de&amp;type=show_document&amp;page=1&amp;from_date=&amp;to_date=&amp;sort=relevance&amp;insertion_date=&amp;top_subcollection_aza=all&amp;query_words=&amp;rank=0&amp;azaclir=aza&amp;highlight_docid=atf%3A%2F%2F129-III-664%3Ade&amp;number_of_ranks=0#page664\">ATF 129 III 664<\/a>\u00a0consid. 7.2 p. 673; arr\u00eat 4A_205\/2016 du 23 juin 2016 consid. 2.6.1).\u00a0<\/em><\/p>\n<p>&nbsp;<\/p>\n<h3>Entscheid des Bundesgerichts<\/h3>\n<p>Das Gericht befand, dass<\/p>\n<ul>\n<li>die Parteien mit den 42,5 Stunden pro Woche eine regelm\u00e4ssige T\u00e4tigkeit vereinbart h\u00e4tten, weshalb eine wesentliche Voraussetzung f\u00fcr eine zul\u00e4ssige Integration des Ferienlohns im Lohn fehlte<\/li>\n<li>und zudem die Lohnabrechnung zwar korrekt 8,33% f\u00fcr die Ferien aus gewiesen habe, aber eine entsprechende separate Ausweisung des Ferienanteils im Arbeitsvertrag nicht aufgef\u00fchrt worden sei.<\/li>\n<\/ul>\n<p>Der Arbeitgeber wurde somit verpflichtet, den Ferienlohn (ein zweites Mal) zu bezahlen. Die Berufung auf Rechtsmissbrauch durch den Arbeitgeber wurde nicht zugelassen.<\/p>\n<p>In Bezug auf die Feiertagsentsch\u00e4digung, welche in den Stundenlohn integriert werden soll, siehe den Beitrag <a href=\"https:\/\/www.arbeitsrecht-aktuell.ch\/de\/2019\/04\/03\/stundenlohn-und-feiertage\/\" target=\"_blank\" rel=\"noopener\">Stundenlohn und Feiertage<\/a>.<\/p>\n<p>Im\u00a0<a href=\"https:\/\/www.bger.ch\/ext\/eurospider\/live\/de\/php\/aza\/http\/index.php?highlight_docid=aza%3A%2F%2Faza:\/\/15-04-2020-4A_619-2019&amp;lang=de&amp;zoom=&amp;type=show_document\" target=\"_blank\" rel=\"noopener\">Urteil 4A_619\/2019\u00a0vom 15. April 2020<\/a>\u00a0besch\u00e4ftigte sich das Bundesgericht mit Ferienlohn. Dabei stand die Frage im Zentrum, ob eine unregelm\u00e4ssige Besch\u00e4ftigung auch bei einem Vollzeitpensum m\u00f6glich ist, was vom Bundesgericht bejaht wurde.<\/p>\n<h4><\/h4>\n<h4>Weitere Beitr\u00e4ge zum Ferienrecht (Auswahl):<\/h4>\n<ul>\n<li class=\"entry-title\"><a href=\"https:\/\/www.arbeitsrecht-aktuell.ch\/de\/2020\/04\/08\/gekuendigt-freigestellt-und-krank-was-passiert-mit-den-ferien\/\" target=\"_blank\" rel=\"noopener\">Gek\u00fcndigt, freigestellt und krank \u2013 was passiert mit den Ferien?<\/a><\/li>\n<li class=\"entry-title\"><a href=\"https:\/\/www.arbeitsrecht-aktuell.ch\/de\/2020\/04\/05\/kurzfristige-zwangsferien-aufgrund-der-coronapandemie\/\" target=\"_blank\" rel=\"noopener\">Kurzfristige Zwangsferien aufgrund der Coronapandemie<\/a><\/li>\n<li class=\"entry-title\"><a href=\"https:\/\/www.arbeitsrecht-aktuell.ch\/de\/2020\/03\/31\/wann-darf-der-ferienanspruch-gekuerzt-werden\/\" target=\"_blank\" rel=\"noopener\">Wann darf der Ferienanspruch gek\u00fcrzt werden?<\/a><\/li>\n<li class=\"entry-title\"><a href=\"https:\/\/www.arbeitsrecht-aktuell.ch\/de\/2020\/01\/06\/verjaehrung-von-ferien\/\" target=\"_blank\" rel=\"noopener\">Verj\u00e4hrung von Ferien<\/a><\/li>\n<li class=\"entry-title\"><a href=\"https:\/\/www.arbeitsrecht-aktuell.ch\/de\/2019\/09\/24\/krank-in-den-ferien\/\" target=\"_blank\" rel=\"noopener\">Krank in den Ferien bedeutet nicht immer Ferienunf\u00e4higkeit<\/a><\/li>\n<li class=\"entry-title\"><a href=\"https:\/\/www.arbeitsrecht-aktuell.ch\/de\/2019\/07\/23\/ferienbezug-waehrend-freistellung\/\" target=\"_blank\" rel=\"noopener\">Ferienbezug w\u00e4hrend Freistellung<\/a><\/li>\n<li class=\"entry-title\"><a href=\"https:\/\/www.arbeitsrecht-aktuell.ch\/de\/2019\/07\/11\/ferienlohn-inbegriffen\/\" target=\"_blank\" rel=\"noopener\">\u201eFerienlohn inbegriffen\u201c<\/a><\/li>\n<li class=\"entry-title\"><a href=\"https:\/\/www.arbeitsrecht-aktuell.ch\/de\/2019\/05\/31\/ferienrecht-was-gilt\/\" target=\"_blank\" rel=\"noopener\">Ferienrecht \u2013 was gilt?<\/a><\/li>\n<li class=\"entry-title\"><a href=\"https:\/\/www.arbeitsrecht-aktuell.ch\/de\/2018\/12\/12\/ferienkuerzung-bei-unverschuldeter-arbeitsverhinderung\/\" target=\"_blank\" rel=\"noopener\">Ferienk\u00fcrzung bei unverschuldeter Arbeitsverhinderung<\/a><\/li>\n<li class=\"entry-title\"><a href=\"https:\/\/www.arbeitsrecht-aktuell.ch\/de\/2018\/07\/01\/allgemeines-ueber-die-ferien-aus-dem-arbeitsrecht\/\" target=\"_blank\" rel=\"noopener\">Allgemeines \u00fcber die Ferien aus dem Arbeitsrecht<\/a><\/li>\n<li class=\"entry-title\"><a href=\"https:\/\/www.arbeitsrecht-aktuell.ch\/de\/2018\/01\/03\/zeitpunkt-der-ferien\/\" target=\"_blank\" rel=\"noopener\">Zeitpunkt der Ferien<\/a><\/li>\n<li><a href=\"https:\/\/www.arbeitsrecht-aktuell.ch\/de\/2020\/05\/24\/auswirkungen-von-corona-auf-die-ferien\/\" target=\"_blank\" rel=\"noopener\">Auswirkungen von Corona auf die Ferien<\/a><\/li>\n<li><a href=\"https:\/\/www.arbeitsrecht-aktuell.ch\/de\/2020\/06\/09\/provisionen-und-ferien\/\" target=\"_blank\" rel=\"noopener\">Provisionen und Ferien<\/a><\/li>\n<\/ul>\n<p>&nbsp;<\/p>\n<p>Autor: <a href=\"https:\/\/www.arbeitsrecht-aktuell.ch\/de\/person\/\">Nicolas Facincani<\/a><\/p>\n","protected":false},"excerpt":{"rendered":"<p>Wenn m\u00f6glich sind die Ferien w\u00e4hrend des Arbeitsverh\u00e4ltnisses &#8222;in natura&#8220; und nicht als Geldabfindung zu gew\u00e4hren, auch wenn das Arbeitsverh\u00e4ltnis gek\u00fcndigt ist. Doch es kann sich aus Praktikabilit\u00e4tsgr\u00fcnden eine Geldabfindung f\u00fcr die Ferien (Ferienentsch\u00e4digung anstatt Ferienbezug) aufdr\u00e4ngen: Bei Teilzeitarbeit mit unregelm\u00e4ssigen Pensen l\u00e4sst es die Gerichtspraxis zu, dass eine Ferienentsch\u00e4digung zus\u00e4tzlich zum Lohn bezahlt wird. [&hellip;]<\/p>\n","protected":false},"author":2,"featured_media":1546,"comment_status":"open","ping_status":"open","sticky":false,"template":"","format":"standard","meta":{"_et_pb_use_builder":"","_et_pb_old_content":"","_et_gb_content_width":"","footnotes":""},"categories":[1],"tags":[],"class_list":["post-1551","post","type-post","status-publish","format-standard","has-post-thumbnail","hentry","category-unkategorisiert"],"_links":{"self":[{"href":"https:\/\/www.arbeitsrecht-aktuell.ch\/de\/wp-json\/wp\/v2\/posts\/1551","targetHints":{"allow":["GET"]}}],"collection":[{"href":"https:\/\/www.arbeitsrecht-aktuell.ch\/de\/wp-json\/wp\/v2\/posts"}],"about":[{"href":"https:\/\/www.arbeitsrecht-aktuell.ch\/de\/wp-json\/wp\/v2\/types\/post"}],"author":[{"embeddable":true,"href":"https:\/\/www.arbeitsrecht-aktuell.ch\/de\/wp-json\/wp\/v2\/users\/2"}],"replies":[{"embeddable":true,"href":"https:\/\/www.arbeitsrecht-aktuell.ch\/de\/wp-json\/wp\/v2\/comments?post=1551"}],"version-history":[{"count":6,"href":"https:\/\/www.arbeitsrecht-aktuell.ch\/de\/wp-json\/wp\/v2\/posts\/1551\/revisions"}],"predecessor-version":[{"id":2515,"href":"https:\/\/www.arbeitsrecht-aktuell.ch\/de\/wp-json\/wp\/v2\/posts\/1551\/revisions\/2515"}],"wp:featuredmedia":[{"embeddable":true,"href":"https:\/\/www.arbeitsrecht-aktuell.ch\/de\/wp-json\/wp\/v2\/media\/1546"}],"wp:attachment":[{"href":"https:\/\/www.arbeitsrecht-aktuell.ch\/de\/wp-json\/wp\/v2\/media?parent=1551"}],"wp:term":[{"taxonomy":"category","embeddable":true,"href":"https:\/\/www.arbeitsrecht-aktuell.ch\/de\/wp-json\/wp\/v2\/categories?post=1551"},{"taxonomy":"post_tag","embeddable":true,"href":"https:\/\/www.arbeitsrecht-aktuell.ch\/de\/wp-json\/wp\/v2\/tags?post=1551"}],"curies":[{"name":"wp","href":"https:\/\/api.w.org\/{rel}","templated":true}]}}