{"id":4126,"date":"2023-09-27T21:00:32","date_gmt":"2023-09-27T19:00:32","guid":{"rendered":"https:\/\/www.arbeitsrecht-aktuell.ch\/?p=4126"},"modified":"2023-09-27T21:02:30","modified_gmt":"2023-09-27T19:02:30","slug":"rechtsfrage-von-grundsaetzlicher-bedeutung","status":"publish","type":"post","link":"https:\/\/www.arbeitsrecht-aktuell.ch\/de\/2023\/09\/27\/rechtsfrage-von-grundsaetzlicher-bedeutung\/","title":{"rendered":"Rechtsfrage von grunds\u00e4tzlicher Bedeutung"},"content":{"rendered":"<p>In ver\u00adm\u00f6\u00adgens\u00adrecht\u00adli\u00adchen arbeitsrechtlichen An\u00adge\u00adle\u00adgen\u00adhei\u00adten ist die Be\u00adschwer\u00adde an das Bundesgericht nur zu\u00adl\u00e4s\u00adsig, wenn der Streit\u00adwert min\u00addes\u00adtens CHF 15\u2019000 Fran\u00adken be\u00adtr\u00e4gt. Ist der Streitwert tiefer, ist die Beschwerde nur unter der Voraussetzung zul\u00e4ssig, dass sich eine Rechtsfrage von grunds\u00e4tzlicher Bedeutung stellt.<\/p>\n<p>Eine Rechtsfrage von grunds\u00e4tzlicher Bedeutung liegt vor, wenn ein allgemeines und dringendes Interesse besteht, dass eine umstrittene Frage h\u00f6chstrichterlich gekl\u00e4rt wird, um eine einheitliche Anwendung und Auslegung des Bundesrechts herbeizuf\u00fchren und damit eine erhebliche Rechtsunsicherheit auszur\u00e4umen (<a href=\"https:\/\/www.bger.ch\/ext\/eurospider\/live\/de\/php\/aza\/http\/index.php?lang=de&amp;type=show_document&amp;page=1&amp;from_date=&amp;to_date=&amp;sort=relevance&amp;insertion_date=&amp;top_subcollection_aza=all&amp;query_words=&amp;rank=0&amp;azaclir=aza&amp;highlight_docid=atf%3A%2F%2F146-III-237%3Ade&amp;number_of_ranks=0#page237\" target=\"_blank\" rel=\"noopener\">BGE 146 III 237<\/a>\u00a0E. 1;\u00a0<a href=\"https:\/\/www.bger.ch\/ext\/eurospider\/live\/de\/php\/aza\/http\/index.php?lang=de&amp;type=show_document&amp;page=1&amp;from_date=&amp;to_date=&amp;sort=relevance&amp;insertion_date=&amp;top_subcollection_aza=all&amp;query_words=&amp;rank=0&amp;azaclir=aza&amp;highlight_docid=atf%3A%2F%2F144-III-164%3Ade&amp;number_of_ranks=0#page164\" target=\"_blank\" rel=\"noopener\">144 III 164<\/a>\u00a0E. 1;\u00a0<a href=\"https:\/\/www.bger.ch\/ext\/eurospider\/live\/de\/php\/aza\/http\/index.php?lang=de&amp;type=show_document&amp;page=1&amp;from_date=&amp;to_date=&amp;sort=relevance&amp;insertion_date=&amp;top_subcollection_aza=all&amp;query_words=&amp;rank=0&amp;azaclir=aza&amp;highlight_docid=atf%3A%2F%2F141-III-159%3Ade&amp;number_of_ranks=0#page159\" target=\"_blank\" rel=\"noopener\">141 III 159<\/a>\u00a0E. 1.2). Der Begriff der Rechtsfrage von grunds\u00e4tzlicher Bedeutung ist restriktiv auszulegen. Soweit es bei der aufgeworfenen Frage lediglich um die Anwendung von Grunds\u00e4tzen der Rechtsprechung auf einen konkreten Fall geht, handelt es sich nicht um eine Rechtsfrage von grunds\u00e4tzlicher Bedeutung (<a href=\"https:\/\/www.bger.ch\/ext\/eurospider\/live\/de\/php\/aza\/http\/index.php?lang=de&amp;type=show_document&amp;page=1&amp;from_date=&amp;to_date=&amp;sort=relevance&amp;insertion_date=&amp;top_subcollection_aza=all&amp;query_words=&amp;rank=0&amp;azaclir=aza&amp;highlight_docid=atf%3A%2F%2F135-III-1%3Ade&amp;number_of_ranks=0#page1\" target=\"_blank\" rel=\"noopener\">BGE 135 III 1<\/a>\u00a0E. 1.3 mit weiteren Hinweisen). Wenn geltend gemacht wird, dass von den unteren Instanzen viele gleichartige F\u00e4lle zu beurteilen sein werden, muss die zu beurteilende Streitsache \u00fcberdies geeignet sein, die Frage auch mit Bezug auf die anderen F\u00e4lle zu kl\u00e4ren (<a href=\"https:\/\/www.bger.ch\/ext\/eurospider\/live\/de\/php\/aza\/http\/index.php?lang=de&amp;type=show_document&amp;page=1&amp;from_date=&amp;to_date=&amp;sort=relevance&amp;insertion_date=&amp;top_subcollection_aza=all&amp;query_words=&amp;rank=0&amp;azaclir=aza&amp;highlight_docid=atf%3A%2F%2F139-II-340%3Ade&amp;number_of_ranks=0#page340\" target=\"_blank\" rel=\"noopener\">BGE 139 II 340<\/a>\u00a0E. 4).<\/p>\n<p>Ist eine Beschwerde nur unter der Voraussetzung zul\u00e4ssig, dass sich eine Rechtsfrage von grunds\u00e4tzlicher Bedeutung stellt, so ist in der Beschwerde auszuf\u00fchren, warum diese Voraussetzung erf\u00fcllt ist (Art. 42 Abs. 2 Satz 2 BGG).<\/p>\n<p>&nbsp;<\/p>\n<h3>Lohnanspruch w\u00e4hrend Lockdown keine Frage von grunds\u00e4tzlicher Bedeutung<\/h3>\n<p>Im Verfahren <a href=\"https:\/\/www.bger.ch\/ext\/eurospider\/live\/de\/php\/aza\/http\/index.php?highlight_docid=aza:\/\/03-05-2023-4A_158-2023&amp;lang=de&amp;zoom=&amp;type=show_document\" target=\"_blank\" rel=\"noopener\">4A_158\/2023\u00a0vom 3. Mai 2023<\/a> machte die Beschwerdef\u00fchrerin geltend (der Streitwert war unter CHF 15&#8217;000), im Rahmen der bundesr\u00e4tlichen Verordnung \u00fcber Massnahmen in der besonderen Lage zur Bek\u00e4mpfung der Covid-19-Epidemie (SR 818.101.26) seien vor\u00fcbergehend alle Restaurationsbetriebe geschlossen worden. Gegenstand des zu beurteilenden Rechtsstreits bilde die Frage, ob die damit einhergehende Arbeitsverhinderung in die Risikosph\u00e4re der Arbeitgeber gem\u00e4ss\u00a0Art. 324 Abs. 1 OR\u00a0f\u00e4llt. Diese Frage sei vom Bundesgericht noch nicht beantwortet worden, w\u00e4hrend im Schrifttum unterschiedliche Meinungen vertreten w\u00fcrden. Die Kl\u00e4rung der Frage habe Einfluss auf eine unbekannte Anzahl h\u00e4ngiger Rechtsverfahren im Zusammenhang mit der Covid-19-Pandemie. Erforderlich sei die Kl\u00e4rung auch im Hinblick auf zuk\u00fcnftige Pandemien, kriegerische Ereignisse oder Energiekrisen. Die Frage nach dem Umfang des Betriebsrisikos gem\u00e4ss\u00a0Art. 324 Abs. 1 OR\u00a0k\u00f6nne sich aufgrund der weltpolitischen Lage jederzeit wieder stellen.<\/p>\n<p>Das Bundesgericht hat aber die aufgeworfene Rechtsfrage mit \u00f6ffentlich beratenem Urteil vom 30. August 2023 bereits beantwortet (<a href=\"https:\/\/www.arbeitsrecht-aktuell.ch\/de\/2023\/08\/30\/keine-pflicht-zur-lohnfortzahlung-bei-behoerdlichen-betriebsschliessungen-wegen-coronavirus\/\" target=\"_blank\" rel=\"noopener\">4A_53\/2023<\/a>). Die Beschwerde in Zivilsachen ist somit nicht zul\u00e4ssig.<\/p>\n<p>Zur Erinnerung: Das Bundesgericht hielt fest, dass Arbeitgeber bei einer beh\u00f6rdlich angeordneten Betriebsschliessung zur Bek\u00e4mpfung des Coronavirus keine Pflicht zur Lohnfortzahlung treffe, falls die Kurzarbeitsentsch\u00e4digung den Lohnausfall nicht decke.<\/p>\n<p>&nbsp;<\/p>\n<h4>Beachten Sie auch die bisherigen, im Zusammenhang mit COVID-19 erschienen Beitr\u00e4ge (Auswahl):<\/h4>\n<ul>\n<li class=\"entry-title\"><a href=\"https:\/\/www.arbeitsrecht-aktuell.ch\/de\/2020\/04\/05\/kurzfristige-zwangsferien-aufgrund-der-coronapandemie\/\" target=\"_blank\" rel=\"noopener\">Kurzfristige Zwangsferien aufgrund der Coronapandemie<\/a><\/li>\n<li class=\"entry-title\"><a href=\"https:\/\/www.arbeitsrecht-aktuell.ch\/de\/2020\/04\/03\/arbeitsrechtliche-herausforderungen-der-corona-pandemie\/\" target=\"_blank\" rel=\"noopener\">Arbeitsrechtliche Herausforderungen der Corona-Pandemie<\/a><\/li>\n<li class=\"entry-title\"><a href=\"https:\/\/www.arbeitsrecht-aktuell.ch\/de\/2020\/03\/28\/erleichterungen-bei-kurzarbeit-covid-19\/\" target=\"_blank\" rel=\"noopener\">Erleichterungen bei Kurzarbeit (COVID-19)<\/a><\/li>\n<li class=\"entry-title\"><a href=\"https:\/\/www.arbeitsrecht-aktuell.ch\/de\/2020\/03\/24\/covid-19-taggeld-fuer-huetende-eltern\/\" target=\"_blank\" rel=\"noopener\">COVID-19: Taggeld f\u00fcr h\u00fctende Eltern<\/a><\/li>\n<li class=\"entry-title\"><a href=\"https:\/\/www.arbeitsrecht-aktuell.ch\/de\/2020\/03\/20\/coronavirus-schule-geschlossen-lohnanspruch-des-arbeitnehmers\/\" target=\"_blank\" rel=\"noopener\">Coronavirus: Schule geschlossen \u2013 Lohnanspruch des Arbeitnehmers<\/a><\/li>\n<li class=\"entry-title\"><a href=\"https:\/\/www.arbeitsrecht-aktuell.ch\/de\/2020\/03\/16\/coronavirus-besonders-gefaehrdete-personen-lohnzahlungspflicht\/\" target=\"_blank\" rel=\"noopener\">Coronavirus: Besonders gef\u00e4hrdete Personen \u2013 Lohnzahlungspflicht<\/a><\/li>\n<li class=\"entry-title\"><a href=\"https:\/\/www.arbeitsrecht-aktuell.ch\/de\/2020\/03\/15\/coronavirus-messung-koerpertemperatur-und-tracking-durch-den-arbeitgeber\/\" target=\"_blank\" rel=\"noopener\">Coronavirus: Messung der K\u00f6rpertemperatur durch den Arbeitgeber<\/a><\/li>\n<li class=\"entry-title\"><a href=\"https:\/\/www.arbeitsrecht-aktuell.ch\/de\/2020\/03\/06\/kurzarbeit-wegen-coronavirus\/\" target=\"_blank\" rel=\"noopener\">Kurzarbeit wegen Coronavirus<\/a><\/li>\n<li class=\"entry-title\"><a href=\"https:\/\/www.arbeitsrecht-aktuell.ch\/de\/2020\/02\/26\/arbeitsverhinderung-wegen-coronavirus-wer-bezahlt\/\" target=\"_blank\" rel=\"noopener\">Arbeitsverhinderung wegen Coronavirus \u2013 Wer bezahlt?<\/a><\/li>\n<li><a href=\"https:\/\/www.arbeitsrecht-aktuell.ch\/de\/2020\/04\/17\/neue-regelung-fuer-besonders-gefaehrdete-personen-per-17-april-2020\/\" target=\"_blank\" rel=\"noopener\">Neue Regelung f\u00fcr besonders gef\u00e4hrdete Personen per 17. April 2020<\/a><\/li>\n<li class=\"entry-title\"><a href=\"https:\/\/www.arbeitsrecht-aktuell.ch\/de\/2020\/04\/19\/ergaenzungen-zur-taggeldregelung-fuer-huetende-eltern-und-selbstaendige\/\" target=\"_blank\" rel=\"noopener\">Erg\u00e4nzungen zur Taggeldregelung f\u00fcr h\u00fctende Eltern und Selbst\u00e4ndige<\/a><\/li>\n<li><a href=\"https:\/\/www.arbeitsrecht-aktuell.ch\/de\/2020\/05\/24\/auswirkungen-von-corona-auf-die-ferien\/\" target=\"_blank\" rel=\"noopener\">Auswirkungen von Corona auf die Ferien<\/a><\/li>\n<li><a href=\"https:\/\/www.arbeitsrecht-aktuell.ch\/de\/2020\/07\/01\/massenentlassung-als-folge-der-corona-pandemie\/\" target=\"_blank\" rel=\"noopener\">Massenentlassung als Folge der Corona-Pandemie<\/a><\/li>\n<li><a href=\"https:\/\/www.arbeitsrecht-aktuell.ch\/de\/2022\/02\/24\/arbeitsgericht-zuerich-lohnanspruch-waehrend-beizen-lockdown\/\" target=\"_blank\" rel=\"noopener\">Arbeitsgericht Z\u00fcrich: Lohnanspruch w\u00e4hrend Beizen-Lockdown<\/a><\/li>\n<li><a href=\"https:\/\/www.arbeitsrecht-aktuell.ch\/de\/2023\/08\/30\/keine-pflicht-zur-lohnfortzahlung-bei-behoerdlichen-betriebsschliessungen-wegen-coronavirus\/\" target=\"_blank\" rel=\"noopener\">Keine Pflicht zur Lohnfortzahlung w\u00e4hrend Lockdown<\/a><\/li>\n<\/ul>\n<p>&nbsp;<\/p>\n<p>Autor:\u00a0<a href=\"https:\/\/www.arbeitsrecht-aktuell.ch\/de\/person\/\" target=\"_blank\" rel=\"noopener\">Nicolas Facincani<\/a><\/p>\n<p>&nbsp;<\/p>\n<h4>Weitere umfassende Informationen zum Arbeitsrecht finden Sie\u00a0<a href=\"https:\/\/www.exlibris.ch\/de\/buecher-buch\/deutschsprachige-buecher\/boris-etter\/arbeitsvertrag\/id\/9783727235108\" target=\"_blank\" rel=\"noopener\"><strong>hier<\/strong><\/a>.<\/h4>\n<p>&nbsp;<\/p>\n<h4>Umfassende Informationen zum Gleichstellungsgesetz finden Sie\u00a0<a href=\"https:\/\/www.exlibris.ch\/de\/buecher-buch\/deutschsprachige-buecher\/gleichstellungsgesetz-glg\/id\/9783727222047\/?gclid=EAIaIQobChMIwJjxxde_-gIVkxCLCh2I2wT0EAQYASABEgI08vD_BwE&amp;gclsrc=aw.ds\" target=\"_blank\" rel=\"noopener\"><strong>hier<\/strong><\/a>.<\/h4>\n<p>&nbsp;<\/p>\n","protected":false},"excerpt":{"rendered":"<p>In ver\u00adm\u00f6\u00adgens\u00adrecht\u00adli\u00adchen arbeitsrechtlichen An\u00adge\u00adle\u00adgen\u00adhei\u00adten ist die Be\u00adschwer\u00adde an das Bundesgericht nur zu\u00adl\u00e4s\u00adsig, wenn der Streit\u00adwert min\u00addes\u00adtens CHF 15\u2019000 Fran\u00adken be\u00adtr\u00e4gt. Ist der Streitwert tiefer, ist die Beschwerde nur unter der Voraussetzung zul\u00e4ssig, dass sich eine Rechtsfrage von grunds\u00e4tzlicher Bedeutung stellt. Eine Rechtsfrage von grunds\u00e4tzlicher Bedeutung liegt vor, wenn ein allgemeines und dringendes Interesse besteht, dass [&hellip;]<\/p>\n","protected":false},"author":2,"featured_media":1224,"comment_status":"open","ping_status":"open","sticky":false,"template":"","format":"standard","meta":{"_et_pb_use_builder":"","_et_pb_old_content":"","_et_gb_content_width":"","footnotes":""},"categories":[1],"tags":[],"class_list":["post-4126","post","type-post","status-publish","format-standard","has-post-thumbnail","hentry","category-unkategorisiert"],"_links":{"self":[{"href":"https:\/\/www.arbeitsrecht-aktuell.ch\/de\/wp-json\/wp\/v2\/posts\/4126","targetHints":{"allow":["GET"]}}],"collection":[{"href":"https:\/\/www.arbeitsrecht-aktuell.ch\/de\/wp-json\/wp\/v2\/posts"}],"about":[{"href":"https:\/\/www.arbeitsrecht-aktuell.ch\/de\/wp-json\/wp\/v2\/types\/post"}],"author":[{"embeddable":true,"href":"https:\/\/www.arbeitsrecht-aktuell.ch\/de\/wp-json\/wp\/v2\/users\/2"}],"replies":[{"embeddable":true,"href":"https:\/\/www.arbeitsrecht-aktuell.ch\/de\/wp-json\/wp\/v2\/comments?post=4126"}],"version-history":[{"count":1,"href":"https:\/\/www.arbeitsrecht-aktuell.ch\/de\/wp-json\/wp\/v2\/posts\/4126\/revisions"}],"predecessor-version":[{"id":4127,"href":"https:\/\/www.arbeitsrecht-aktuell.ch\/de\/wp-json\/wp\/v2\/posts\/4126\/revisions\/4127"}],"wp:featuredmedia":[{"embeddable":true,"href":"https:\/\/www.arbeitsrecht-aktuell.ch\/de\/wp-json\/wp\/v2\/media\/1224"}],"wp:attachment":[{"href":"https:\/\/www.arbeitsrecht-aktuell.ch\/de\/wp-json\/wp\/v2\/media?parent=4126"}],"wp:term":[{"taxonomy":"category","embeddable":true,"href":"https:\/\/www.arbeitsrecht-aktuell.ch\/de\/wp-json\/wp\/v2\/categories?post=4126"},{"taxonomy":"post_tag","embeddable":true,"href":"https:\/\/www.arbeitsrecht-aktuell.ch\/de\/wp-json\/wp\/v2\/tags?post=4126"}],"curies":[{"name":"wp","href":"https:\/\/api.w.org\/{rel}","templated":true}]}}