{"id":4717,"date":"2025-07-13T17:05:42","date_gmt":"2025-07-13T15:05:42","guid":{"rendered":"https:\/\/www.arbeitsrecht-aktuell.ch\/?p=4717"},"modified":"2025-07-13T17:05:42","modified_gmt":"2025-07-13T15:05:42","slug":"kuendigung-erfordert-urteilsfaehigkeit","status":"publish","type":"post","link":"https:\/\/www.arbeitsrecht-aktuell.ch\/de\/2025\/07\/13\/kuendigung-erfordert-urteilsfaehigkeit\/","title":{"rendered":"K\u00fcndigung erfordert Urteilsf\u00e4higkeit"},"content":{"rendered":"<p>Im schweizerischen Arbeitsrecht gilt das Prinzip der K\u00fcndigungsfreiheit. Es steht den Parteien somit grunds\u00e4tzlich frei, das Arbeitsverh\u00e4ltnis aus beliebigen Gr\u00fcnden aufzul\u00f6sen. Im Grundsatz besteht somit f\u00fcr den Arbeitgeber keine Verpflichtung, einen Arbeitnehmer, dem gek\u00fcndigt werden soll, vor Aussprache der K\u00fcndigung, diesen anzuh\u00f6ren oder zu verwarnen (<a href=\"https:\/\/www.bger.ch\/ext\/eurospider\/live\/fr\/php\/aza\/http\/index.php?highlight_docid=aza%3A%2F%2F29-01-2008-4A_419-2007&amp;lang=fr&amp;type=show_document&amp;zoom=YES&amp;\">BGE 4A_419\/2007 vom 29.1.2008, E. 2.6<\/a>). Eine Ausnahme liegt insbesondere bei\u00a0<a href=\"https:\/\/www.arbeitsrecht-aktuell.ch\/de\/2020\/09\/09\/ab-wann-ist-man-aelterer-mitarbieter\/\">Altersk\u00fcndigungen<\/a>\u00a0vor.<\/p>\n<p>Im Rahmen des Arbeitsrechts werden zwei Arten von K\u00fcndigungen unterschieden: die ordentliche K\u00fcndigung (unter Einhaltung der K\u00fcndigungsfrist) und die\u00a0<a href=\"https:\/\/www.arbeitsrecht-aktuell.ch\/de\/2019\/08\/17\/beurteilung-einer-fristlosen-kuendigung\/\">ausserordentliche K\u00fcndigung (fristlose K\u00fcndigung)<\/a>.<\/p>\n<p>Die K\u00fcndigung, um Wirkungen zu entfalten, kann jederzeit ausgesprochen werden (ausser w\u00e4hrend einer Sperrfrist \u2013 siehe hierzu die nachfolgenden Schranken). Wird hingegen die K\u00fcndigungsfirst oder der K\u00fcndigungstermin nicht eingehalten, treten die Wirkungen auf den n\u00e4chstm\u00f6glichen K\u00fcndigungstermin (<a href=\"https:\/\/www.bger.ch\/ext\/eurospider\/live\/de\/php\/aza\/http\/index.php?highlight_docid=aza%3A%2F%2F09-04-2013-4A_556-2012&amp;lang=de&amp;type=show_document&amp;zoom=YES&amp;\">BGE 4A_556\/2012 vom 9.4.2013,\u00a0 E. 4.3<\/a>). Im Falle eines zu langen Zuwartens bei einer fristlosen K\u00fcndigung nach Entdecken der K\u00fcndigungsgr\u00fcnde kann sich eine fristlose K\u00fcndigung als unzul\u00e4ssig erweisen, das Arbeitsverh\u00e4ltnis wird aber dennoch beendet (siehe hierzu den entsprechenden\u00a0<a href=\"https:\/\/www.arbeitsrecht-aktuell.ch\/de\/2021\/03\/26\/rasches-handeln-bei-der-fristlosen-entlassung\/\">Beitrag<\/a>).<\/p>\n<p>Die K\u00fcndigung kann auch vor Stellenantritt ausgesprochen werden. In diesem Fall entfaltet sie nach der hier vertretenen Ansicht ihre Wirkungen im Zeitpunkt des vertraglich vorgesehenen Arbeitsantritts. Sie ist aber so fr\u00fch wie m\u00f6glich zu erkl\u00e4ren.<\/p>\n<p>&nbsp;<\/p>\n<h3>Schranken der K\u00fcndigungsfreiheit<\/h3>\n<p>Schranken der K\u00fcndigungsfreiheit k\u00f6nnen sich insbesondere dadurch ergeben, dass die K\u00fcndigungsfristen und die K\u00fcndigungstermine einzuhalten sind. Sodann schr\u00e4nkt der\u00a0<a href=\"https:\/\/www.arbeitsrecht-aktuell.ch\/de\/2019\/10\/31\/die-missbraeuchliche-entlassung\/\">sachliche<\/a>\u00a0und der\u00a0<a href=\"https:\/\/www.arbeitsrecht-aktuell.ch\/de\/2021\/05\/10\/gekuendigt-und-ab-zum-arzt\/\">zeitliche K\u00fcndigungsschutz<\/a>\u00a0die K\u00fcndigungsfreiheit ein. Weiter sind K\u00fcndigungen w\u00e4hrend Diskriminierungsverfahren nach\u00a0<a href=\"https:\/\/www.arbeitsrecht-aktuell.ch\/de\/2020\/04\/24\/diskriminierende-kuendigungen-vs-rachekuendigung-nach-glg\/\">Art. 10 GlG anfechtbar<\/a>\u00a0und k\u00f6nnen unter Umst\u00e4nden sogar zur\u00a0<a href=\"https:\/\/www.arbeitsrecht-aktuell.ch\/de\/2019\/05\/06\/anfechtung-der-kuendigung-wiedereinstellung\/\">Wiedereinstellung<\/a>\u00a0f\u00fchren.<\/p>\n<p>Im weiteren ist es den Parteien m\u00f6glich, vertragliche K\u00fcndigungsbeschr\u00e4nkungen vorzusehen, was auch in Gesamtarbeitsvertr\u00e4gen regelm\u00e4ssig vorkommt.<\/p>\n<p>&nbsp;<\/p>\n<h3>K\u00fcndigung als Gestaltungsrecht<\/h3>\n<p>Bei der K\u00fcndigung handelt es sich um ein Gestaltungsrecht. Durch die einseitige, empfangsbed\u00fcrftige Willenserkl\u00e4rung wird das Arbeitsverh\u00e4ltnis beendet.<\/p>\n<p>Damit das Gestaltungsrecht der K\u00fcndigung rechtsg\u00fcltig ausge\u00fcbt werden kann, muss es von Personen wahrgenommen werden, welche hierzu berechtigt sind (Vertreter, Organe einer juristischen Person). Fehlende Befugnisse k\u00f6nnen allerdings auch nachtr\u00e4glich geheilt werden (<a href=\"http:\/\/relevancy.bger.ch\/php\/clir\/http\/index.php?highlight_docid=atf%3A%2F%2F128-III-129%3Ade&amp;lang=de&amp;type=show_document\">BGE 128 III 129, E. 2b<\/a>).<\/p>\n<p>Das Gestaltungsrecht ist eine Willens\u00e4usserung, welche der Gegenpartei in klarer und pr\u00e4ziser Form kundgetan werden muss. Blosse Absichtserkl\u00e4rungen begr\u00fcnden keine Unklaren \u00c4usserungen sind auszulegen (<a href=\"http:\/\/www.polyreg.ch\/bgeunpub\/Jahr_2003\/Entscheide_4C_2003\/4C.151__2003.html\">BGE 4C.151\/2003 vom 26.8.2003<\/a>).<\/p>\n<p>&nbsp;<\/p>\n<h3>Bedingte K\u00fcndigungen<\/h3>\n<p>Es ist unzul\u00e4ssig, eine K\u00fcndigung von einer Bedingung abh\u00e4ngig zu machen. Hier gibt es aber eine Ausnahme: H\u00e4ngt es ausschliesslich vom Willen der gek\u00fcndigten Partei ab, ob die Bedingung eintritt, ist die Verkn\u00fcpfung einer K\u00fcndigung mit einer Bedingung zul\u00e4ssig. Dies ist insbesondere bei den\u00a0<a href=\"https:\/\/www.arbeitsrecht-aktuell.ch\/de\/2019\/04\/19\/aenderungskuendigungen-in-der-telekommunikationsbranche\/\">\u00c4nderungsk\u00fcndigungen<\/a>\u00a0der Fall. Hier kann der Arbeitnehmer entscheiden, ob er den ge\u00e4nderten Arbeitsbedingungen zustimmen will oder nicht. Stimmt er nicht zu, so endet das Arbeitsverh\u00e4ltnis.<\/p>\n<p>&nbsp;<\/p>\n<h3>Willensmangel und Widerruf<\/h3>\n<p>Eine K\u00fcndigung ist grunds\u00e4tzlich durch den K\u00fcndigenden nicht widerruflich (<a href=\"http:\/\/www.polyreg.ch\/bgeunpub\/Jahr_2006\/Entscheide_4C_2006\/4C.359__2006.html\">BGE 4C.359\/2006 vom 12.1.2007<\/a>). Sie kann somit nur mit Zustimmung der gek\u00fcndigten Partei widerrufen bzw. r\u00fcckg\u00e4ngig gemacht werden, vorbehalten bleibt jedoch ein g\u00fcltiger R\u00fcckzug nach Art. 9 OR (<a href=\"http:\/\/relevancy.bger.ch\/php\/clir\/http\/index.php?highlight_docid=atf%3A%2F%2F128-III-129%3Ade&amp;lang=de&amp;type=show_document\">BGE 128 III 129, E. 2a<\/a>).<\/p>\n<p>Wie alle Willenserkl\u00e4rungen sind auch K\u00fcndigungen wegen Willensm\u00e4ngeln anfechtbar. Zu denken ist vor allem an F\u00e4lle des Erkl\u00e4rungsirrtums, doch auch ein Grundlagenirrtum ist nicht ausgeschlossen.<\/p>\n<p>&nbsp;<\/p>\n<h3><a href=\"http:\/\/relevancy.bger.ch\/php\/aza\/http\/index.php?highlight_docid=aza%3A%2F%2F16-01-2025-4A_1-2024&amp;lang=de&amp;type=show_document\" target=\"_blank\" rel=\"noopener\">BGE 4A_1\/2024 vom 16. Januar 2025<\/a><\/h3>\n<p>Im <a href=\"http:\/\/relevancy.bger.ch\/php\/aza\/http\/index.php?highlight_docid=aza%3A%2F%2F16-01-2025-4A_1-2024&amp;lang=de&amp;type=show_document\" target=\"_blank\" rel=\"noopener\">Entscheid BGE 4A_1\/2024 vom 16. Januar 2025<\/a> hatte sich das Bundesgericht mit einem Fall auseinanderzusetzen, wo der Arbeitnehmer, welche die K\u00fcndigung aussprach, im Nachhinein geltend machte, er sei im Zeitpunkt des Aussprechens der K\u00fcndigung urteilsunf\u00e4hig gewesen und deshalb sei die K\u00fcndigung nicht g\u00fcltig (<em>E. 3: Le recourant conteste avoir eu la capacit\u00e9 de discernement en envoyant son courrier de d\u00e9mission le 26 d\u00e9cembre 2010. La cour cantonale se serait \u00e9cart\u00e9e sans raison des deux expertises judiciaires qui attestent son incapacit\u00e9 de discernement et aurait ainsi vers\u00e9 dans l&#8217;arbitraire.<\/em>)<\/p>\n<p>Grunds\u00e4tzlich stimmte das Bundesgericht zu, dass ein K\u00fcndigung nur g\u00fcltig ausgesprochen werden k\u00f6nne, wenn die Urteilsf\u00e4higkeit vorliege, welche aber grunds\u00e4tzlich vermutet werde:<\/p>\n<p><em>Toute personne qui n&#8217;est pas priv\u00e9e de la facult\u00e9 d&#8217;agir raisonnablement en raison de son jeune \u00e2ge, de d\u00e9ficience mentale, de troubles psychiques, d&#8217;ivresse ou d&#8217;autres causes semblables est capable de discernement au sens de la pr\u00e9sente loi (art. 16 CC). Cette notion comporte deux \u00e9l\u00e9ments: un \u00e9l\u00e9ment intellectuel, la capacit\u00e9 d&#8217;appr\u00e9cier le sens, l&#8217;opportunit\u00e9 et les effets d&#8217;un acte d\u00e9termin\u00e9, et un \u00e9l\u00e9ment volontaire ou caract\u00e9riel, la facult\u00e9 d&#8217;agir en fonction de cette compr\u00e9hension raisonnable, selon sa libre volont\u00e9 (<a href=\"http:\/\/relevancy.bger.ch\/php\/aza\/http\/index.php?lang=de&amp;type=show_document&amp;page=1&amp;from_date=&amp;to_date=&amp;sort=relevance&amp;insertion_date=&amp;top_subcollection_aza=all&amp;query_words=&amp;rank=0&amp;azaclir=aza&amp;highlight_docid=atf%3A%2F%2F144-III-264%3Ade&amp;number_of_ranks=0#page264\" target=\"_blank\" rel=\"noopener\">ATF 144 III 264<\/a>\u00a0consid. 6.1.1;\u00a0<a href=\"http:\/\/relevancy.bger.ch\/php\/aza\/http\/index.php?lang=de&amp;type=show_document&amp;page=1&amp;from_date=&amp;to_date=&amp;sort=relevance&amp;insertion_date=&amp;top_subcollection_aza=all&amp;query_words=&amp;rank=0&amp;azaclir=aza&amp;highlight_docid=atf%3A%2F%2F134-II-235%3Ade&amp;number_of_ranks=0#page235\" target=\"_blank\" rel=\"noopener\">134 II 235<\/a>\u00a0consid. 4.3.2). La capacit\u00e9 de discernement est relative: elle ne doit pas \u00eatre appr\u00e9ci\u00e9e dans l&#8217;abstrait, mais concr\u00e8tement, par rapport \u00e0 un acte d\u00e9termin\u00e9, en fonction de sa nature et de son importance, les facult\u00e9s requises devant exister au moment de l&#8217;acte (<a href=\"http:\/\/relevancy.bger.ch\/php\/aza\/http\/index.php?lang=de&amp;type=show_document&amp;page=1&amp;from_date=&amp;to_date=&amp;sort=relevance&amp;insertion_date=&amp;top_subcollection_aza=all&amp;query_words=&amp;rank=0&amp;azaclir=aza&amp;highlight_docid=atf%3A%2F%2F144-III-264%3Ade&amp;number_of_ranks=0#page264\" target=\"_blank\" rel=\"noopener\">ATF 144 III 264<\/a>\u00a0consid. 6.1.1;\u00a0<a href=\"http:\/\/relevancy.bger.ch\/php\/aza\/http\/index.php?lang=de&amp;type=show_document&amp;page=1&amp;from_date=&amp;to_date=&amp;sort=relevance&amp;insertion_date=&amp;top_subcollection_aza=all&amp;query_words=&amp;rank=0&amp;azaclir=aza&amp;highlight_docid=atf%3A%2F%2F134-II-235%3Ade&amp;number_of_ranks=0#page235\" target=\"_blank\" rel=\"noopener\">134 II 235<\/a>\u00a0consid. 4.3.2; arr\u00eat 5A_823\/2022 du 17 mai 2023 consid. 3.2.1). \u00a0<\/em><\/p>\n<p><em>La capacit\u00e9 de discernement est pr\u00e9sum\u00e9e (<a href=\"http:\/\/relevancy.bger.ch\/php\/aza\/http\/index.php?lang=de&amp;type=show_document&amp;page=1&amp;from_date=&amp;to_date=&amp;sort=relevance&amp;insertion_date=&amp;top_subcollection_aza=all&amp;query_words=&amp;rank=0&amp;azaclir=aza&amp;highlight_docid=atf%3A%2F%2F144-III-264%3Ade&amp;number_of_ranks=0#page264\" target=\"_blank\" rel=\"noopener\">ATF 144 III 264<\/a>\u00a0consid. 6.1.2). En revanche, lorsqu&#8217;il est av\u00e9r\u00e9 qu&#8217;au moment d&#8217;accomplir l&#8217;acte litigieux, une personne se trouve dans un \u00e9tat durable d&#8217;alt\u00e9ration mentale li\u00e9e \u00e0 l&#8217;\u00e2ge ou \u00e0 la maladie, qui, selon l&#8217;exp\u00e9rience g\u00e9n\u00e9rale de la vie, l&#8217;emp\u00eache d&#8217;agir raisonnablement, elle est alors pr\u00e9sum\u00e9e d\u00e9pourvue de la capacit\u00e9 d&#8217;agir raisonnablement en rapport avec l&#8217;acte litigieux. Cette pr\u00e9somption de fait concerne les personnes, qui, au moment de l&#8217;acte, se trouvent dans un \u00e9tat durable d&#8217;alt\u00e9ration mentale li\u00e9e \u00e0 l&#8217;\u00e2ge ou \u00e0 la maladie (<a href=\"http:\/\/relevancy.bger.ch\/php\/aza\/http\/index.php?lang=de&amp;type=show_document&amp;page=1&amp;from_date=&amp;to_date=&amp;sort=relevance&amp;insertion_date=&amp;top_subcollection_aza=all&amp;query_words=&amp;rank=0&amp;azaclir=aza&amp;highlight_docid=atf%3A%2F%2F144-III-264%3Ade&amp;number_of_ranks=0#page264\" target=\"_blank\" rel=\"noopener\">ATF 144 III 264<\/a>\u00a0consid. 6.1.3). La pr\u00e9somption d&#8217;incapacit\u00e9 li\u00e9e \u00e0 un \u00e9tat g\u00e9n\u00e9ral d&#8217;alt\u00e9ration mentale peut \u00eatre renvers\u00e9e en \u00e9tablissant que la personne int\u00e9ress\u00e9e a accompli l&#8217;acte litigieux dans un moment de lucidit\u00e9; elle peut \u00e9galement l&#8217;\u00eatre en d\u00e9montrant que, dans le cas concret, \u00e0 savoir en fonction de la nature et de l&#8217;importance de l&#8217;acte d\u00e9termin\u00e9, la personne \u00e9tait en mesure d&#8217;agir raisonnablement (<a href=\"http:\/\/relevancy.bger.ch\/php\/aza\/http\/index.php?lang=de&amp;type=show_document&amp;page=1&amp;from_date=&amp;to_date=&amp;sort=relevance&amp;insertion_date=&amp;top_subcollection_aza=all&amp;query_words=&amp;rank=0&amp;azaclir=aza&amp;highlight_docid=atf%3A%2F%2F144-III-264%3Ade&amp;number_of_ranks=0#page264\" target=\"_blank\" rel=\"noopener\">ATF 144 III 264<\/a>\u00a0consid. 6.1.3; arr\u00eat 4A_148\/2023 du 4 septembre 2023 consid. 7.3 non publi\u00e9 aux\u00a0<a href=\"http:\/\/relevancy.bger.ch\/php\/aza\/http\/index.php?lang=de&amp;type=show_document&amp;page=1&amp;from_date=&amp;to_date=&amp;sort=relevance&amp;insertion_date=&amp;top_subcollection_aza=all&amp;query_words=&amp;rank=0&amp;azaclir=aza&amp;highlight_docid=atf%3A%2F%2F150-III-147%3Ade&amp;number_of_ranks=0#page147\" target=\"_blank\" rel=\"noopener\">ATF 150 III 147<\/a>). La contre-preuve que la personne concern\u00e9e a agi dans un intervalle lucide \u00e9tant difficile \u00e0 rapporter, la jurisprudence facilite la preuve: il suffit de prouver que la personne concern\u00e9e, malgr\u00e9 une incapacit\u00e9 g\u00e9n\u00e9rale de discernement au vu de son \u00e9tat de sant\u00e9, \u00e9tait au moment d\u00e9terminant capable de discernement avec une vraisemblance pr\u00e9pond\u00e9rante (<a href=\"http:\/\/relevancy.bger.ch\/php\/aza\/http\/index.php?lang=de&amp;type=show_document&amp;page=1&amp;from_date=&amp;to_date=&amp;sort=relevance&amp;insertion_date=&amp;top_subcollection_aza=all&amp;query_words=&amp;rank=0&amp;azaclir=aza&amp;highlight_docid=atf%3A%2F%2F124-III-5%3Ade&amp;number_of_ranks=0#page5\" target=\"_blank\" rel=\"noopener\">ATF 124 III 5<\/a>\u00a0consid. 1b; arr\u00eat 5A_16\/2016 du 26 mai 2016 consid. 4.1.2).<\/em><\/p>\n<p>Das Bundesgericht lehnte die Berufung auf die Urteilsunf\u00e4higkeit ab und erachtete die K\u00fcndigung als g\u00fcltig. Daran \u00e4nderte auch nichts, dass zwei Gutachten belegten, dass der betreffend Arbeitnehmer an einer Beeintr\u00e4chtigung seiner geistigen F\u00e4higkeiten litt:<\/p>\n<p><em>3.2.4.\u00a0Le juge appr\u00e9cie librement la force probante d&#8217;une expertise. Dans le domaine des connaissances professionnelles particuli\u00e8res, il ne peut toutefois s&#8217;\u00e9carter de l&#8217;opinion de l&#8217;expert que pour des motifs importants qu&#8217;il lui incombe d&#8217;indiquer, par exemple lorsque le rapport d&#8217;expertise pr\u00e9sente des contradictions ou attribue un sens ou une port\u00e9e inexacts aux documents et d\u00e9clarations auxquels il se r\u00e9f\u00e8re. Il doit donc examiner, si, sur la base des autres preuves et des observations formul\u00e9es par les parties, des objections s\u00e9rieuses viennent \u00e9branler le caract\u00e8re concluant des constatations de l&#8217;expertise. Il est m\u00eame tenu, pour dissiper ses doutes, de recueillir des preuves compl\u00e9mentaires lorsque les conclusions de l&#8217;expertise judiciaire se r\u00e9v\u00e8lent douteuses sur des points essentiels. En se fondant sur une expertise non concluante ou en renon\u00e7ant \u00e0 proc\u00e9der aux enqu\u00eates compl\u00e9mentaires requises, le juge pourrait commettre une appr\u00e9ciation arbitraire des preuves et violer l&#8217;art. 9 Cst.\u00a0(<a href=\"http:\/\/relevancy.bger.ch\/php\/aza\/http\/index.php?lang=de&amp;type=show_document&amp;page=1&amp;from_date=&amp;to_date=&amp;sort=relevance&amp;insertion_date=&amp;top_subcollection_aza=all&amp;query_words=&amp;rank=0&amp;azaclir=aza&amp;highlight_docid=atf%3A%2F%2F138-III-193%3Ade&amp;number_of_ranks=0#page193\">ATF 138 III 193<\/a>\u00a0consid. 4.3.1;\u00a0<a href=\"http:\/\/relevancy.bger.ch\/php\/aza\/http\/index.php?lang=de&amp;type=show_document&amp;page=1&amp;from_date=&amp;to_date=&amp;sort=relevance&amp;insertion_date=&amp;top_subcollection_aza=all&amp;query_words=&amp;rank=0&amp;azaclir=aza&amp;highlight_docid=atf%3A%2F%2F136-II-539%3Ade&amp;number_of_ranks=0#page539\">136 II 539<\/a>\u00a0consid. 3.2).\u00a0<\/em><\/p>\n<p>&nbsp;<\/p>\n<h4>Weitere Beitr\u00e4ge zur K\u00fcndigung (Auswahl):<\/h4>\n<ul>\n<li><a href=\"https:\/\/www.arbeitsrecht-aktuell.ch\/de\/2018\/02\/15\/die-beendigung-des-arbeitsverhaeltnisses\/\" target=\"_blank\" rel=\"noopener\">Die Beendigung des Arbeitsverh\u00e4ltnisses<\/a><\/li>\n<li><a href=\"https:\/\/www.arbeitsrecht-aktuell.ch\/de\/2020\/02\/08\/vertrag-mit-mindestdauer-kuendigung\/\" target=\"_blank\" rel=\"noopener\">Vertrag mit Mindestdauer \u2013 K\u00fcndigung<\/a><\/li>\n<li><a href=\"https:\/\/www.arbeitsrecht-aktuell.ch\/de\/2019\/12\/27\/die-kuendigungsparitaet\/\" target=\"_blank\" rel=\"noopener\">Die K\u00fcndigungsparit\u00e4t<\/a><\/li>\n<li><a href=\"https:\/\/www.arbeitsrecht-aktuell.ch\/de\/2019\/12\/15\/die-e-mail-gilt-als-kuendigung\/\" target=\"_blank\" rel=\"noopener\">\u201eDie E-Mail gilt als K\u00fcndigung\u201c<\/a><\/li>\n<li><a href=\"https:\/\/www.arbeitsrecht-aktuell.ch\/de\/2019\/05\/17\/kuendigung-per-sms-whats-up-fax-telex\/\" target=\"_blank\" rel=\"noopener\">K\u00fcndigung per SMS, WhatsApp, E-Mail<\/a><\/li>\n<li><a href=\"https:\/\/www.arbeitsrecht-aktuell.ch\/de\/2019\/02\/02\/kuendigung-eines-oeffentlich-rechtlichen-dienstverhaeltnisses\/\" target=\"_blank\" rel=\"noopener\">K\u00fcndigung eines \u00f6ffentlich-rechtlichen Dienstverh\u00e4ltnisses<\/a><\/li>\n<li><a href=\"https:\/\/www.arbeitsrecht-aktuell.ch\/de\/2021\/05\/10\/gekuendigt-und-ab-zum-arzt\/\" target=\"_blank\" rel=\"noopener\">Gek\u00fcndigt und ab zum Arzt<\/a><\/li>\n<li><a href=\"https:\/\/www.arbeitsrecht-aktuell.ch\/de\/2021\/05\/13\/die-kuendigung\/\" target=\"_blank\" rel=\"noopener\">Die K\u00fcndigung des Arbeitsverh\u00e4ltnisses<\/a><\/li>\n<li><a href=\"https:\/\/www.arbeitsrecht-aktuell.ch\/de\/2020\/12\/28\/zeitpunkt-der-zustellung-einer-kuendigung\/\" target=\"_blank\" rel=\"noopener\">Der Zeitpunkt der Zustellung einer K\u00fcndigung<\/a><\/li>\n<li><a href=\"https:\/\/www.arbeitsrecht-aktuell.ch\/de\/2020\/08\/17\/e-mail-kuendigung-waehrend-den-ferien-zeitpunkt\/\" target=\"_blank\" rel=\"noopener\">E-Mail K\u00fcndigung w\u00e4hrend den Ferien \u2013 Zeitpunkt?<\/a><\/li>\n<li><a href=\"https:\/\/www.arbeitsrecht-aktuell.ch\/de\/2023\/04\/25\/entlassung-alterhalber\/\" target=\"_blank\" rel=\"noopener\">Entlassung altershalber<\/a><\/li>\n<li><a href=\"https:\/\/www.arbeitsrecht-aktuell.ch\/de\/2023\/05\/02\/fehlender-sachlicher-kuendigungsgrund-macht-kuendigung-nicht-nichtig-oeff-personalrecht\/\" target=\"_blank\" rel=\"noopener\">Fehlender sachlicher K\u00fcndigungsgrund macht K\u00fcndigung nicht nichtig<\/a><\/li>\n<li><a href=\"https:\/\/www.arbeitsrecht-aktuell.ch\/de\/2024\/08\/06\/der-sachliche-kuendigungsgrund-bei-oeffentlich-rechtlichen-dienstverhaeltnissen\/\" target=\"_blank\" rel=\"noopener\">Der sachliche K\u00fcndigungsgrund bei \u00f6ffentlichen Dienstverh\u00e4ltnissen<\/a><\/li>\n<li><a href=\"https:\/\/www.arbeitsrecht-aktuell.ch\/de\/2024\/09\/08\/abfindung-und-entschaedigung-nach-kuendigung-eines-oeffentlichen-dienstverhaeltnisses\/\" target=\"_blank\" rel=\"noopener\">Abfindung und Entsch\u00e4digung nach K\u00fcndigung eines \u00f6ffentlichen Dienstverh\u00e4ltnisses<\/a><\/li>\n<li><a href=\"https:\/\/www.arbeitsrecht-aktuell.ch\/de\/2022\/04\/21\/mobbing-im-oeffentlichen-dienstrecht\/\" target=\"_blank\" rel=\"noopener\">Mobbing im \u00f6ffentlichen Dienstverh\u00e4ltnis<\/a><\/li>\n<li><a href=\"https:\/\/www.arbeitsrecht-aktuell.ch\/de\/2025\/01\/02\/falsche-zeiterfassung-schwerwiegende-verletzung-der-treuepflicht\/\" target=\"_blank\" rel=\"noopener\">Falsche Zeiterfassung \u2013 Schwerwiegende Verletzung der Treuepflicht<\/a><\/li>\n<li><a href=\"https:\/\/www.arbeitsrecht-aktuell.ch\/de\/2025\/04\/10\/falsche-begruendung-der-kuendigung-ist-keine-urkundenfaelschung\/\" target=\"_blank\" rel=\"noopener\">Falsche Begr\u00fcndung der K\u00fcndigung ist keine Urkundenf\u00e4lschung<\/a><\/li>\n<\/ul>\n<p>&nbsp;<\/p>\n<p>Autor:\u00a0<a href=\"https:\/\/www.arbeitsrecht-aktuell.ch\/de\/person\/\" target=\"_blank\" rel=\"noopener\">Nicolas Facincani\u00a0<\/a><\/p>\n<p>&nbsp;<\/p>\n<h4><\/h4>\n<h4>Weitere umfassende Informationen zum Arbeitsrecht finden Sie\u00a0<a href=\"https:\/\/www.exlibris.ch\/de\/buecher-buch\/deutschsprachige-buecher\/boris-etter\/arbeitsvertrag\/id\/9783727235108\" target=\"_blank\" rel=\"noopener\"><strong>hier<\/strong><\/a>.<\/h4>\n<p>&nbsp;<\/p>\n<h4>Umfassende Informationen zum Gleichstellungsrecht finden Sie\u00a0<a href=\"https:\/\/www.exlibris.ch\/de\/buecher-buch\/deutschsprachige-buecher\/gleichstellungsgesetz-glg\/id\/9783727222047\/\" target=\"_blank\" rel=\"noopener\"><strong>hier<\/strong><\/a>.<\/h4>\n","protected":false},"excerpt":{"rendered":"<p>Im schweizerischen Arbeitsrecht gilt das Prinzip der K\u00fcndigungsfreiheit. Es steht den Parteien somit grunds\u00e4tzlich frei, das Arbeitsverh\u00e4ltnis aus beliebigen Gr\u00fcnden aufzul\u00f6sen. Im Grundsatz besteht somit f\u00fcr den Arbeitgeber keine Verpflichtung, einen Arbeitnehmer, dem gek\u00fcndigt werden soll, vor Aussprache der K\u00fcndigung, diesen anzuh\u00f6ren oder zu verwarnen (BGE 4A_419\/2007 vom 29.1.2008, E. 2.6). Eine Ausnahme liegt insbesondere [&hellip;]<\/p>\n","protected":false},"author":2,"featured_media":517,"comment_status":"open","ping_status":"open","sticky":false,"template":"","format":"standard","meta":{"_et_pb_use_builder":"","_et_pb_old_content":"","_et_gb_content_width":"","footnotes":""},"categories":[1],"tags":[],"class_list":["post-4717","post","type-post","status-publish","format-standard","has-post-thumbnail","hentry","category-unkategorisiert"],"_links":{"self":[{"href":"https:\/\/www.arbeitsrecht-aktuell.ch\/de\/wp-json\/wp\/v2\/posts\/4717","targetHints":{"allow":["GET"]}}],"collection":[{"href":"https:\/\/www.arbeitsrecht-aktuell.ch\/de\/wp-json\/wp\/v2\/posts"}],"about":[{"href":"https:\/\/www.arbeitsrecht-aktuell.ch\/de\/wp-json\/wp\/v2\/types\/post"}],"author":[{"embeddable":true,"href":"https:\/\/www.arbeitsrecht-aktuell.ch\/de\/wp-json\/wp\/v2\/users\/2"}],"replies":[{"embeddable":true,"href":"https:\/\/www.arbeitsrecht-aktuell.ch\/de\/wp-json\/wp\/v2\/comments?post=4717"}],"version-history":[{"count":1,"href":"https:\/\/www.arbeitsrecht-aktuell.ch\/de\/wp-json\/wp\/v2\/posts\/4717\/revisions"}],"predecessor-version":[{"id":4718,"href":"https:\/\/www.arbeitsrecht-aktuell.ch\/de\/wp-json\/wp\/v2\/posts\/4717\/revisions\/4718"}],"wp:featuredmedia":[{"embeddable":true,"href":"https:\/\/www.arbeitsrecht-aktuell.ch\/de\/wp-json\/wp\/v2\/media\/517"}],"wp:attachment":[{"href":"https:\/\/www.arbeitsrecht-aktuell.ch\/de\/wp-json\/wp\/v2\/media?parent=4717"}],"wp:term":[{"taxonomy":"category","embeddable":true,"href":"https:\/\/www.arbeitsrecht-aktuell.ch\/de\/wp-json\/wp\/v2\/categories?post=4717"},{"taxonomy":"post_tag","embeddable":true,"href":"https:\/\/www.arbeitsrecht-aktuell.ch\/de\/wp-json\/wp\/v2\/tags?post=4717"}],"curies":[{"name":"wp","href":"https:\/\/api.w.org\/{rel}","templated":true}]}}