{"id":5066,"date":"2026-05-01T15:06:55","date_gmt":"2026-05-01T13:06:55","guid":{"rendered":"https:\/\/www.arbeitsrecht-aktuell.ch\/?p=5066"},"modified":"2026-05-01T15:06:55","modified_gmt":"2026-05-01T13:06:55","slug":"ersatz-aller-notwendigen-spesen-eines-handelsreisenden-pauschale-ungenuegend","status":"publish","type":"post","link":"https:\/\/www.arbeitsrecht-aktuell.ch\/de\/2026\/05\/01\/ersatz-aller-notwendigen-spesen-eines-handelsreisenden-pauschale-ungenuegend\/","title":{"rendered":"Ersatz aller notwendigen Spesen eines Handelsreisenden \u2013 Pauschale ungen\u00fcgend"},"content":{"rendered":"<p><a href=\"https:\/\/www.arbeitsrechtler.ch\/\" target=\"_blank\" rel=\"noopener\">Georges Chanson<\/a>, Fachanwalt SAV Arbeitsrecht, CHANSON Anwalt,\u00a0<a href=\"https:\/\/www.arbeitsrechtler.ch\/?content=chanson\" target=\"_blank\" rel=\"noopener\">www.arbeitsrechtler.ch<\/a><\/p>\n<p>&nbsp;<\/p>\n<h3>Ersatz aller notwendigen Spesen eines Handelsreisenden \u2013 Pauschale ungen\u00fcgend<\/h3>\n<p>Keinen Erfolg hatte eine Arbeitgeberin aus dem Kanton Waadt bei der Anfechtung des Entscheids des Kantonsgerichts VD (CACI 10 janvier 2025\/116, <a href=\"https:\/\/entscheidsuche.ch\/docs\/VD_FindInfo\/VD_TC_002_PT19-032766_nodate.pdf\">PT19.032766<\/a>): Die I. zivilrechtliche Abteilung des Bundesgericht wies die Beschwerde im heute 30.04.2026 ins Internet gestellten, franz\u00f6sisch redigierten Urteil <a href=\"http:\/\/relevancy.bger.ch\/cgi-bin\/JumpCGI?id=23.03.2026_4A_200\/2025\">BGer 4A_200\/2025<\/a> vom 23.03.2026 kostenpflichtig ab. Eine durch <a href=\"https:\/\/opencaselaw.ch\/\">opencaselaw.ch<\/a> KI-generierte Zusammenfassung dieses Entscheids ist auf <a href=\"https:\/\/www.bger-update.ch\/zusammenfassung\/30786\/\">www.bger-update.ch<\/a> zu finden, wo k\u00fcrzlich ein Outfit-Update gemacht worden ist, mit dem die Entscheide optisch ansprechender pr\u00e4sentiert bzw. zusammengefasst werden.<\/p>\n<p>In der Sache ging es um einen Handelsreisenden, dessen Aufgabe es war, im Aussendienst Versicherungsvertr\u00e4ge zu vermitteln. Ihm stand vertraglich eine feste Spesenentsch\u00e4digung von 2 bzw. 3.8% der von der Arbeitgeberin vereinnahmten Versicherungspr\u00e4mien zu, je nach der Art der Versicherung (Lebensversicherungen bzw. Nicht-Lebensversicherungen). Er machte geltend, dass diese Pauschalen seine Kundenfahrten mit seinem privaten Fahrzeug und auch seine Mobilphone-Kosten nicht decken w\u00fcrden, wof\u00fcr ihm das TC VD einen Betrag von fast 16&#8217;000 Franken zusprach.<\/p>\n<p>Das Bundesgericht st\u00fctzte seinen Entscheid auf <a href=\"https:\/\/www.fedlex.admin.ch\/redirect\/rs\/220\/de#art_327_a\">Art. 327a OR<\/a>, wonach dem Arbeitnehmer alle aufgrund der Arbeit notwendigen Ausgaben zu ersetzen sind, allf\u00e4llige \u2013 schriftlich zu vereinbarende \u2013 Pauschalen alle Auslagen decken m\u00fcssen und Vereinbarungen, laut denen der Arbeitnehmer notwendige Auslagen ganz oder teilweise selbst tr\u00e4gt, nichtig sind. Dabei hat der Arbeitnehmer nach <a href=\"https:\/\/www.fedlex.admin.ch\/redirect\/rs\/220\/de#art_327_b\">Art. 327b Abs. 1 OR<\/a> bei Ben\u00fctzung des Privatfahrzeugs Anspruch auf Ersatz der laufenden Betriebs- und Unterhaltskosten. Der Auslagenersatz erfolgt aufgrund der Abrechnung des Arbeitnehmers (<a href=\"https:\/\/www.fedlex.admin.ch\/redirect\/rs\/220\/de#art_327_c\">Art. 327c Abs. 1 OR<\/a>). Er tr\u00e4gt die Beweislast f\u00fcr Notwendigkeit und H\u00f6he der Auslagen. Dabei gen\u00fcgte f\u00fcr die Fahrzeugentsch\u00e4digung eine Abrechnung, die der Handelsreisende aufgrund einer Klientenliste seiner Arbeitgeberin erstellt hatte. Den Einwand der Arbeitgeber, sie m\u00fcsse keine privaten Telefonkosten tragen, da die entsprechenden Anteile von privaten und beruflichen Kosten nicht trennbar seien, wies das Bundesgericht zur\u00fcck. Wenn ein Mobilphone konkret ein notwendiges Arbeitsinstrument war, h\u00e4tte es die Arbeitgeberin gem\u00e4ss <a href=\"https:\/\/www.fedlex.admin.ch\/redirect\/rs\/220\/de#art_327\">Art. 327 Abs. 1 OR<\/a> bereitstellen m\u00fcssen. Indem sie die nicht tat, trage sie alle Kosten, auch bei gemischter Nutzung. Zu Diskussion stand bei den Kilometerspesen auch noch die Anwendung von <a href=\"https:\/\/www.fedlex.admin.ch\/redirect\/rs\/220\/de#art_42\">Art. 42 Abs. 2 OR<\/a> \u00fcber die richterliche Sch\u00e4tzung eines ziffernm\u00e4ssig nicht nachweisbaren Schadens, wobei das Bundesgericht die erg\u00e4nzende Anwendung dieser Vorschrift best\u00e4tigte.<\/p>\n<p>&nbsp;<\/p>\n<p><a href=\"https:\/\/www.arbeitsrechtler.ch\/\" target=\"_blank\" rel=\"noopener\">Georges Chanson<\/a>, Fachanwalt SAV Arbeitsrecht, CHANSON Anwalt,\u00a0<a href=\"https:\/\/www.arbeitsrechtler.ch\/?content=chanson\" target=\"_blank\" rel=\"noopener\">www.arbeitsrechtler.ch<\/a><\/p>\n<p>&nbsp;<\/p>\n<h4>Weitere Beitr\u00e4ge zu Spesen und Auslagen (Auswahl):<\/h4>\n<ul>\n<li><a href=\"https:\/\/www.arbeitsrecht-aktuell.ch\/de\/2020\/07\/25\/entschaedigung-fuer-das-private-generalabonnement-ga\/\" target=\"_blank\" rel=\"noopener\">Entsch\u00e4digung f\u00fcr das private Generalabonnement (GA)?<\/a><\/li>\n<li class=\"entry-title\"><a href=\"https:\/\/www.arbeitsrecht-aktuell.ch\/de\/2020\/02\/11\/verjaehrung-von-spesen-und-auslagen\/\" target=\"_blank\" rel=\"noopener\">V<\/a><a href=\"https:\/\/www.arbeitsrecht-aktuell.ch\/de\/2020\/02\/11\/verjaehrung-von-spesen-und-auslagen\/\" target=\"_blank\" rel=\"noopener\">erj\u00e4hrung von Spesen und Auslagen<\/a><\/li>\n<li><a href=\"https:\/\/www.arbeitsrecht-aktuell.ch\/de\/2020\/04\/22\/spezifizierung-von-spesen\/\" target=\"_blank\" rel=\"noopener\">Spezifizierung von Spesen bei Kreditkarten<\/a><\/li>\n<li class=\"entry-title\"><a href=\"https:\/\/www.arbeitsrecht-aktuell.ch\/de\/2018\/11\/22\/homeoffice-was-gilt\/\" target=\"_blank\" rel=\"noopener\">Homeoffice, was gilt?<\/a><\/li>\n<li class=\"entry-title\"><a href=\"https:\/\/www.arbeitsrecht-aktuell.ch\/de\/2016\/02\/03\/geschaeftsreisen\/\" target=\"_blank\" rel=\"noopener\">Gesch\u00e4ftsreisen<\/a><\/li>\n<li class=\"entry-title\"><a href=\"https:\/\/www.arbeitsrecht-aktuell.ch\/de\/2015\/12\/03\/arbeitsrecht-und-verjaehrung\/\" target=\"_blank\" rel=\"noopener\">Arbeitsrecht und Verj\u00e4hrung<\/a><\/li>\n<li class=\"entry-title\"><a href=\"https:\/\/www.arbeitsrecht-aktuell.ch\/de\/2018\/12\/20\/das-telefon-und-die-arbeit\/\" target=\"_blank\" rel=\"noopener\">Das Telefon und die Arbeit<\/a><\/li>\n<li class=\"entry-title\"><a href=\"https:\/\/www.arbeitsrecht-aktuell.ch\/de\/2019\/06\/08\/kann-ein-arbeitsvertrag-muendlich-abgeschlossen-werden\/\" target=\"_blank\" rel=\"noopener\">Kann ein Arbeitsvertrag m\u00fcndlich abgeschlossen werden?<\/a><\/li>\n<li><a href=\"https:\/\/www.arbeitsrecht-aktuell.ch\/de\/2020\/08\/09\/entschaedigung-fuer-das-halbtax-abo\/\" target=\"_blank\" rel=\"noopener\">Entsch\u00e4digung f\u00fcr das Halbtax-Abo<\/a><\/li>\n<li><a href=\"https:\/\/www.arbeitsrecht-aktuell.ch\/de\/2020\/08\/13\/ersatz-der-verpflegungskosten\/\" target=\"_blank\" rel=\"noopener\">Ersatz der Verpflegungskosten<\/a><\/li>\n<li><a href=\"https:\/\/www.arbeitsrecht-aktuell.ch\/de\/2020\/09\/29\/anzug-und-krawatte-obligatorisch-zur-entschaedigung-von-kleidern\/\" target=\"_blank\" rel=\"noopener\">Anzug und Krawatte obligatorisch \u2013 Zur Entsch\u00e4digung von Kleidern<\/a><\/li>\n<li><a href=\"https:\/\/www.arbeitsrecht-aktuell.ch\/de\/2021\/04\/11\/ersatz-der-aufwendungen-fuer-das-geschaeftsfahrzeug-motorfahrzeuge\/\" target=\"_blank\" rel=\"noopener\">Ersatz der Aufwendungen f\u00fcr das Gesch\u00e4ftsfahrzeug<\/a><\/li>\n<li><a href=\"https:\/\/www.arbeitsrecht-aktuell.ch\/de\/2021\/07\/07\/verguetung-von-spesen-und-auslagen\/\" target=\"_blank\" rel=\"noopener\">Verg\u00fctung von Spesen und Auslagen<\/a><\/li>\n<li><a href=\"https:\/\/www.arbeitsrecht-aktuell.ch\/de\/2025\/08\/31\/beweis-der-notwendigkeit-der-auslagen\/\" target=\"_blank\" rel=\"noopener\">Beweis der Notwendigkeit der Auslagen<\/a><\/li>\n<\/ul>\n","protected":false},"excerpt":{"rendered":"<p>Georges Chanson, Fachanwalt SAV Arbeitsrecht, CHANSON Anwalt,\u00a0www.arbeitsrechtler.ch &nbsp; Ersatz aller notwendigen Spesen eines Handelsreisenden \u2013 Pauschale ungen\u00fcgend Keinen Erfolg hatte eine Arbeitgeberin aus dem Kanton Waadt bei der Anfechtung des Entscheids des Kantonsgerichts VD (CACI 10 janvier 2025\/116, PT19.032766): Die I. zivilrechtliche Abteilung des Bundesgericht wies die Beschwerde im heute 30.04.2026 ins Internet gestellten, franz\u00f6sisch [&hellip;]<\/p>\n","protected":false},"author":2,"featured_media":1622,"comment_status":"open","ping_status":"closed","sticky":false,"template":"","format":"standard","meta":{"_et_pb_use_builder":"","_et_pb_old_content":"","_et_gb_content_width":"","footnotes":""},"categories":[1],"tags":[],"class_list":["post-5066","post","type-post","status-publish","format-standard","has-post-thumbnail","hentry","category-unkategorisiert"],"_links":{"self":[{"href":"https:\/\/www.arbeitsrecht-aktuell.ch\/de\/wp-json\/wp\/v2\/posts\/5066","targetHints":{"allow":["GET"]}}],"collection":[{"href":"https:\/\/www.arbeitsrecht-aktuell.ch\/de\/wp-json\/wp\/v2\/posts"}],"about":[{"href":"https:\/\/www.arbeitsrecht-aktuell.ch\/de\/wp-json\/wp\/v2\/types\/post"}],"author":[{"embeddable":true,"href":"https:\/\/www.arbeitsrecht-aktuell.ch\/de\/wp-json\/wp\/v2\/users\/2"}],"replies":[{"embeddable":true,"href":"https:\/\/www.arbeitsrecht-aktuell.ch\/de\/wp-json\/wp\/v2\/comments?post=5066"}],"version-history":[{"count":1,"href":"https:\/\/www.arbeitsrecht-aktuell.ch\/de\/wp-json\/wp\/v2\/posts\/5066\/revisions"}],"predecessor-version":[{"id":5067,"href":"https:\/\/www.arbeitsrecht-aktuell.ch\/de\/wp-json\/wp\/v2\/posts\/5066\/revisions\/5067"}],"wp:featuredmedia":[{"embeddable":true,"href":"https:\/\/www.arbeitsrecht-aktuell.ch\/de\/wp-json\/wp\/v2\/media\/1622"}],"wp:attachment":[{"href":"https:\/\/www.arbeitsrecht-aktuell.ch\/de\/wp-json\/wp\/v2\/media?parent=5066"}],"wp:term":[{"taxonomy":"category","embeddable":true,"href":"https:\/\/www.arbeitsrecht-aktuell.ch\/de\/wp-json\/wp\/v2\/categories?post=5066"},{"taxonomy":"post_tag","embeddable":true,"href":"https:\/\/www.arbeitsrecht-aktuell.ch\/de\/wp-json\/wp\/v2\/tags?post=5066"}],"curies":[{"name":"wp","href":"https:\/\/api.w.org\/{rel}","templated":true}]}}